{"id":1691,"date":"2025-07-17T10:30:00","date_gmt":"2025-07-17T10:30:00","guid":{"rendered":"https:\/\/rrb.be\/rrb\/?p=1691"},"modified":"2026-01-12T10:39:35","modified_gmt":"2026-01-12T10:39:35","slug":"guerre-en-ukraine-des-milliers-de-morts-et-de-deserteurs-larmee-russe-subit-une-defaite-pres-de-pokrovsk-en-ukraine","status":"publish","type":"post","link":"https:\/\/rrb.be\/rrb\/guerre-en-ukraine-des-milliers-de-morts-et-de-deserteurs-larmee-russe-subit-une-defaite-pres-de-pokrovsk-en-ukraine\/","title":{"rendered":"Guerre en Ukraine : Des milliers de morts et de d\u00e9serteurs, l\u2019arm\u00e9e russe subit une d\u00e9faite pr\u00e8s de Pokrovsk, en Ukraine"},"content":{"rendered":"\n<p>Une fuite de documents internes russes r\u00e9v\u00e8le de lourdes pertes subies par la 41e arm\u00e9e du district militaire central \u2014 incluant des milliers de morts, de disparus et de d\u00e9serteurs, selon le projet Khochu zhyt (\u00ab Je veux vivre \u00bb).<\/p>\n\n\n\n<p>D\u2019apr\u00e8s les documents obtenus par ce projet, au 1er juin 2025, au moins 8 625 militaires de la 41e Arm\u00e9e combin\u00e9e russe ont \u00e9t\u00e9 tu\u00e9s dans la guerre contre l\u2019Ukraine. De plus, 10 491 sont port\u00e9s disparus et 7 846 ont d\u00e9sert\u00e9.<\/p>\n\n\n\n<p>Parmi toutes les unit\u00e9s, la 74e brigade de fusiliers motoris\u00e9s de la r\u00e9gion de Kemerovo a subi les pertes les plus importantes \u2014 environ 2 500 morts, pr\u00e8s de 3 000 disparus et \u00e0 peu pr\u00e8s le m\u00eame nombre de personnes d\u00e9clar\u00e9es recherch\u00e9es.<\/p>\n\n\n\n<blockquote class=\"wp-block-quote is-layout-flow wp-block-quote-is-layout-flow\">\n<p>Si l\u2019on prend en compte l\u2019effectif des brigades de fusiliers motoris\u00e9s russes avant la guerre (environ 3 500 personnes), la 74e brigade, rien que sur ces cat\u00e9gories \u2014 en excluant les prisonniers de guerre et les bless\u00e9s \u2014 a effectivement travers\u00e9 deux rotations compl\u00e8tes \u00bb, indique le rapport.<\/p>\n<\/blockquote>\n\n\n\n<p>Selon le projet, ces pertes sont principalement survenues dans la r\u00e9gion de Pokrovsk, dans l\u2019oblast de Donetsk. Un taux particuli\u00e8rement \u00e9lev\u00e9 de d\u00e9sertions a \u00e9t\u00e9 enregistr\u00e9 parmi les condamn\u00e9s mobilis\u00e9s.<\/p>\n\n\n\n<p>Dans la direction de Pokrovsk, la situation reste critique, avec des pertes humaines et des d\u00e9sertions en augmentation, fragilisant lourdement les capacit\u00e9s de l\u2019arm\u00e9e russe dans ce secteur.<\/p>\n\n\n\n<p>Photo ent\u00eate : Soldat ukrainien debout devant le cadavre d&rsquo;un soldat russe<br>Source : Kateryna Shkarlat RBC-Ukraine<\/p>\n\n\n\n<p>Par Alain Schenkels<\/p>\n\n\n\n<figure data-wp-context=\"{&quot;imageId&quot;:&quot;69f0d9f04f372&quot;}\" data-wp-interactive=\"core\/image\" data-wp-key=\"69f0d9f04f372\" class=\"wp-block-image size-full is-resized wp-lightbox-container\"><img loading=\"lazy\" decoding=\"async\" width=\"728\" height=\"1006\" data-wp-class--hide=\"state.isContentHidden\" data-wp-class--show=\"state.isContentVisible\" data-wp-init=\"callbacks.setButtonStyles\" data-wp-on--click=\"actions.showLightbox\" data-wp-on--load=\"callbacks.setButtonStyles\" data-wp-on-window--resize=\"callbacks.setButtonStyles\" src=\"http:\/\/rrb.be\/rrb\/wp-content\/uploads\/2025\/12\/Alain_Schenkels-1.jpg\" alt=\"\" class=\"wp-image-329\" style=\"width:210px;height:auto\" srcset=\"https:\/\/rrb.be\/rrb\/wp-content\/uploads\/2025\/12\/Alain_Schenkels-1.jpg 728w, https:\/\/rrb.be\/rrb\/wp-content\/uploads\/2025\/12\/Alain_Schenkels-1-217x300.jpg 217w\" sizes=\"auto, (max-width: 728px) 100vw, 728px\" \/><button\n\t\t\tclass=\"lightbox-trigger\"\n\t\t\ttype=\"button\"\n\t\t\taria-haspopup=\"dialog\"\n\t\t\taria-label=\"Enlarge\"\n\t\t\tdata-wp-init=\"callbacks.initTriggerButton\"\n\t\t\tdata-wp-on--click=\"actions.showLightbox\"\n\t\t\tdata-wp-style--right=\"state.imageButtonRight\"\n\t\t\tdata-wp-style--top=\"state.imageButtonTop\"\n\t\t>\n\t\t\t<svg xmlns=\"http:\/\/www.w3.org\/2000\/svg\" width=\"12\" height=\"12\" fill=\"none\" viewBox=\"0 0 12 12\">\n\t\t\t\t<path fill=\"#fff\" d=\"M2 0a2 2 0 0 0-2 2v2h1.5V2a.5.5 0 0 1 .5-.5h2V0H2Zm2 10.5H2a.5.5 0 0 1-.5-.5V8H0v2a2 2 0 0 0 2 2h2v-1.5ZM8 12v-1.5h2a.5.5 0 0 0 .5-.5V8H12v2a2 2 0 0 1-2 2H8Zm2-12a2 2 0 0 1 2 2v2h-1.5V2a.5.5 0 0 0-.5-.5H8V0h2Z\" \/>\n\t\t\t<\/svg>\n\t\t<\/button><\/figure>\n\n\n\n<p><\/p>\n","protected":false},"excerpt":{"rendered":"<p>Une fuite de documents internes russes r\u00e9v\u00e8le de lourdes pertes subies par la 41e arm\u00e9e du district militaire central \u2014 incluant des milliers de morts, de disparus et de d\u00e9serteurs, selon le projet Khochu zhyt (\u00ab Je veux vivre \u00bb). D\u2019apr\u00e8s les documents obtenus par ce projet, au 1er juin 2025, au moins 8 625 [&hellip;]<\/p>\n","protected":false},"author":1,"featured_media":1692,"comment_status":"closed","ping_status":"open","sticky":false,"template":"","format":"standard","meta":{"footnotes":""},"categories":[3],"tags":[],"class_list":["post-1691","post","type-post","status-publish","format-standard","has-post-thumbnail","hentry","category-guerre-russie-ukraine"],"_links":{"self":[{"href":"https:\/\/rrb.be\/rrb\/wp-json\/wp\/v2\/posts\/1691","targetHints":{"allow":["GET"]}}],"collection":[{"href":"https:\/\/rrb.be\/rrb\/wp-json\/wp\/v2\/posts"}],"about":[{"href":"https:\/\/rrb.be\/rrb\/wp-json\/wp\/v2\/types\/post"}],"author":[{"embeddable":true,"href":"https:\/\/rrb.be\/rrb\/wp-json\/wp\/v2\/users\/1"}],"replies":[{"embeddable":true,"href":"https:\/\/rrb.be\/rrb\/wp-json\/wp\/v2\/comments?post=1691"}],"version-history":[{"count":1,"href":"https:\/\/rrb.be\/rrb\/wp-json\/wp\/v2\/posts\/1691\/revisions"}],"predecessor-version":[{"id":1693,"href":"https:\/\/rrb.be\/rrb\/wp-json\/wp\/v2\/posts\/1691\/revisions\/1693"}],"wp:featuredmedia":[{"embeddable":true,"href":"https:\/\/rrb.be\/rrb\/wp-json\/wp\/v2\/media\/1692"}],"wp:attachment":[{"href":"https:\/\/rrb.be\/rrb\/wp-json\/wp\/v2\/media?parent=1691"}],"wp:term":[{"taxonomy":"category","embeddable":true,"href":"https:\/\/rrb.be\/rrb\/wp-json\/wp\/v2\/categories?post=1691"},{"taxonomy":"post_tag","embeddable":true,"href":"https:\/\/rrb.be\/rrb\/wp-json\/wp\/v2\/tags?post=1691"}],"curies":[{"name":"wp","href":"https:\/\/api.w.org\/{rel}","templated":true}]}}