{"id":1673,"date":"2025-12-14T09:38:00","date_gmt":"2025-12-14T09:38:00","guid":{"rendered":"https:\/\/rrb.be\/rrb\/?page_id=1673"},"modified":"2026-01-12T09:45:49","modified_gmt":"2026-01-12T09:45:49","slug":"guerre-en-ukraine-itineraire-dun-soldat-ukrainien-la-force-tranquille-dihor-zaiets","status":"publish","type":"post","link":"https:\/\/rrb.be\/rrb\/guerre-en-ukraine-itineraire-dun-soldat-ukrainien-la-force-tranquille-dihor-zaiets\/","title":{"rendered":"Guerre en Ukraine : Itin\u00e9raire d\u2019un soldat ukrainien\u202f, la force tranquille d\u2019Ihor \u00ab\u202fZa\u00efets\u202f\u00bb"},"content":{"rendered":"\n<p><strong>Ihor est sergent-major dans une batterie de missiles et d\u2019artillerie antia\u00e9rienne au sein du bataillon de missiles et d\u2019artillerie antia\u00e9rienne de la 38e brigade d\u2019infanterie de marine.<\/strong><\/p>\n\n\n\n<p>Au d\u00e9but de l\u2019ann\u00e9e 2014, il a entam\u00e9 son service au 1er bataillon d\u2019infanterie de marine et a pris part \u00e0 des missions de combat dans la zone de l\u2019op\u00e9ration antiterroriste (ATO), puis dans l\u2019op\u00e9ration des forces conjointes (OOS).<\/p>\n\n\n\n<p>Lors de l\u2019invasion \u00e0 grande \u00e9chelle, il a men\u00e9 des missions de combat dans la ville de Marioupol. D\u00e9but mars, <strong>il a \u00e9t\u00e9 gri\u00e8vement bless\u00e9<\/strong> pendant l\u2019ex\u00e9cution d\u2019une mission. Apr\u00e8s avoir re\u00e7u les premiers soins, il a \u00e9t\u00e9 \u00e9vacu\u00e9 vers le deuxi\u00e8me h\u00f4pital municipal, qui fut occup\u00e9 une semaine plus tard par l\u2019arm\u00e9e russe. Il s\u2019est cach\u00e9 une semaine sur le territoire de l\u2019h\u00f4pital, o\u00f9 des soldats bless\u00e9s \u00e9taient ex\u00e9cut\u00e9s. Gr\u00e2ce \u00e0 l\u2019aide de civils, il a finalement pu quitter les lieux et se cacher avec eux.<\/p>\n\n\n\n<p>Plus tard, alors qu\u2019un groupe d\u2019assaut du 503e bataillon de marines remplissait une mission de combat, le commandant du groupe, \u00ab Almaz \u00bb, re\u00e7ut l\u2019information qu\u2019un marine bless\u00e9 se trouvait sur place. Le groupe proc\u00e9da \u00e0 son \u00e9vacuation, et avec l\u2019aide d\u2019unit\u00e9s voisines, Ihor fut transf\u00e9r\u00e9 \u00e0 Azovstal, o\u00f9 il rejoignit l\u2019un des d\u00e9tachements de la 36e brigade d\u2019infanterie de marine et reprit ses missions de combat.<\/p>\n\n\n\n<p>En mai 2022, suivant un ordre du haut commandement militaire ukrainien ordonnant de mettre fin \u00e0 la d\u00e9fense de Marioupol et de se rendre afin de pr\u00e9server la vie et la sant\u00e9 des soldats, <strong>il fut fait prisonnier le 18 mai<\/strong>. Lors d\u2019un \u00e9change ult\u00e9rieur de prisonniers, <strong>il fut rapatri\u00e9 en Ukraine<\/strong>.<\/p>\n\n\n\n<blockquote class=\"wp-block-quote is-layout-flow wp-block-quote-is-layout-flow\">\n<p>Apr\u00e8s une longue p\u00e9riode de traitement, il reprit le service au sein de la 38e brigade d\u2019infanterie de marine et continua \u00e0 remplir des missions de combat sur les fronts de Kherson et de Donetsk.<\/p>\n<\/blockquote>\n\n\n\n<p>Ihor est un v\u00e9ritable exemple d\u2019endurance, de courage et de patriotisme pour beaucoup. Par son exp\u00e9rience personnelle, il a montr\u00e9 ce que signifie \u00eatre un authentique marine.<\/p>\n\n\n\n<p>Au cours de son service, il a \u00e9t\u00e9 d\u00e9cor\u00e9 :<\/p>\n\n\n\n<ul class=\"wp-block-list\">\n<li>de la distinction pr\u00e9sidentielle \u00ab Pour la d\u00e9fense de l\u2019Ukraine \u00bb ;<\/li>\n\n\n\n<li>de la m\u00e9daille pr\u00e9sidentielle \u00ab Au d\u00e9fenseur de la patrie \u00bb ;<\/li>\n\n\n\n<li>de la distinction du Commandant en chef des Forces arm\u00e9es d\u2019Ukraine pour l\u2019Inflexibilit\u00e9 en 2024.<\/li>\n<\/ul>\n\n\n\n<figure data-wp-context=\"{&quot;imageId&quot;:&quot;69f1003517206&quot;}\" data-wp-interactive=\"core\/image\" data-wp-key=\"69f1003517206\" class=\"wp-block-image size-large is-resized wp-lightbox-container\"><img loading=\"lazy\" decoding=\"async\" width=\"881\" height=\"1024\" data-wp-class--hide=\"state.isContentHidden\" data-wp-class--show=\"state.isContentVisible\" data-wp-init=\"callbacks.setButtonStyles\" data-wp-on--click=\"actions.showLightbox\" data-wp-on--load=\"callbacks.setButtonStyles\" data-wp-on-window--resize=\"callbacks.setButtonStyles\" src=\"http:\/\/rrb.be\/rrb\/wp-content\/uploads\/2026\/01\/Ihor-est-sergent-major-dans-une-batterie-de-missiles-et-dartillerie-antiaerienne-au-sein-du-bataillon-38e-brigade-dinfanterie-de-marine2-881x1024.jpg\" alt=\"\" class=\"wp-image-1675\" style=\"aspect-ratio:0.8603664879571097;width:329px;height:auto\" srcset=\"https:\/\/rrb.be\/rrb\/wp-content\/uploads\/2026\/01\/Ihor-est-sergent-major-dans-une-batterie-de-missiles-et-dartillerie-antiaerienne-au-sein-du-bataillon-38e-brigade-dinfanterie-de-marine2-881x1024.jpg 881w, https:\/\/rrb.be\/rrb\/wp-content\/uploads\/2026\/01\/Ihor-est-sergent-major-dans-une-batterie-de-missiles-et-dartillerie-antiaerienne-au-sein-du-bataillon-38e-brigade-dinfanterie-de-marine2-258x300.jpg 258w, https:\/\/rrb.be\/rrb\/wp-content\/uploads\/2026\/01\/Ihor-est-sergent-major-dans-une-batterie-de-missiles-et-dartillerie-antiaerienne-au-sein-du-bataillon-38e-brigade-dinfanterie-de-marine2-768x892.jpg 768w, https:\/\/rrb.be\/rrb\/wp-content\/uploads\/2026\/01\/Ihor-est-sergent-major-dans-une-batterie-de-missiles-et-dartillerie-antiaerienne-au-sein-du-bataillon-38e-brigade-dinfanterie-de-marine2.jpg 1198w\" sizes=\"auto, (max-width: 881px) 100vw, 881px\" \/><button\n\t\t\tclass=\"lightbox-trigger\"\n\t\t\ttype=\"button\"\n\t\t\taria-haspopup=\"dialog\"\n\t\t\taria-label=\"Enlarge\"\n\t\t\tdata-wp-init=\"callbacks.initTriggerButton\"\n\t\t\tdata-wp-on--click=\"actions.showLightbox\"\n\t\t\tdata-wp-style--right=\"state.imageButtonRight\"\n\t\t\tdata-wp-style--top=\"state.imageButtonTop\"\n\t\t>\n\t\t\t<svg xmlns=\"http:\/\/www.w3.org\/2000\/svg\" width=\"12\" height=\"12\" fill=\"none\" viewBox=\"0 0 12 12\">\n\t\t\t\t<path fill=\"#fff\" d=\"M2 0a2 2 0 0 0-2 2v2h1.5V2a.5.5 0 0 1 .5-.5h2V0H2Zm2 10.5H2a.5.5 0 0 1-.5-.5V8H0v2a2 2 0 0 0 2 2h2v-1.5ZM8 12v-1.5h2a.5.5 0 0 0 .5-.5V8H12v2a2 2 0 0 1-2 2H8Zm2-12a2 2 0 0 1 2 2v2h-1.5V2a.5.5 0 0 0-.5-.5H8V0h2Z\" \/>\n\t\t\t<\/svg>\n\t\t<\/button><\/figure>\n\n\n\n<p>Source : Service de presse et de communication : <br>38 \u043e\u043a\u0440\u0435\u043c\u0430 \u0431\u0440\u0438\u0433\u0430\u0434\u0430 \u043c\u043e\u0440\u0441\u044c\u043a\u043e\u0457 \u043f\u0456\u0445\u043e\u0442\u0438 \u0456\u043c\u0435\u043d\u0456 \u0433\u0435\u0442\u044c\u043c\u0430\u043d\u0430 \u041f\u0435\u0442\u0440\u0430 \u0421\u0430\u0433\u0430\u0439\u0434\u0430\u0447\u043d\u043e\u0433\u043e\u00a0 <\/p>\n\n\n\n<p>Par Alain Schenkels<\/p>\n\n\n\n<figure data-wp-context=\"{&quot;imageId&quot;:&quot;69f10035177f7&quot;}\" data-wp-interactive=\"core\/image\" data-wp-key=\"69f10035177f7\" class=\"wp-block-image size-full is-resized wp-lightbox-container\"><img loading=\"lazy\" decoding=\"async\" width=\"728\" height=\"1006\" data-wp-class--hide=\"state.isContentHidden\" data-wp-class--show=\"state.isContentVisible\" data-wp-init=\"callbacks.setButtonStyles\" data-wp-on--click=\"actions.showLightbox\" data-wp-on--load=\"callbacks.setButtonStyles\" data-wp-on-window--resize=\"callbacks.setButtonStyles\" src=\"http:\/\/rrb.be\/rrb\/wp-content\/uploads\/2025\/12\/Alain_Schenkels-1.jpg\" alt=\"\" class=\"wp-image-329\" style=\"width:208px;height:auto\" srcset=\"https:\/\/rrb.be\/rrb\/wp-content\/uploads\/2025\/12\/Alain_Schenkels-1.jpg 728w, https:\/\/rrb.be\/rrb\/wp-content\/uploads\/2025\/12\/Alain_Schenkels-1-217x300.jpg 217w\" sizes=\"auto, (max-width: 728px) 100vw, 728px\" \/><button\n\t\t\tclass=\"lightbox-trigger\"\n\t\t\ttype=\"button\"\n\t\t\taria-haspopup=\"dialog\"\n\t\t\taria-label=\"Enlarge\"\n\t\t\tdata-wp-init=\"callbacks.initTriggerButton\"\n\t\t\tdata-wp-on--click=\"actions.showLightbox\"\n\t\t\tdata-wp-style--right=\"state.imageButtonRight\"\n\t\t\tdata-wp-style--top=\"state.imageButtonTop\"\n\t\t>\n\t\t\t<svg xmlns=\"http:\/\/www.w3.org\/2000\/svg\" width=\"12\" height=\"12\" fill=\"none\" viewBox=\"0 0 12 12\">\n\t\t\t\t<path fill=\"#fff\" d=\"M2 0a2 2 0 0 0-2 2v2h1.5V2a.5.5 0 0 1 .5-.5h2V0H2Zm2 10.5H2a.5.5 0 0 1-.5-.5V8H0v2a2 2 0 0 0 2 2h2v-1.5ZM8 12v-1.5h2a.5.5 0 0 0 .5-.5V8H12v2a2 2 0 0 1-2 2H8Zm2-12a2 2 0 0 1 2 2v2h-1.5V2a.5.5 0 0 0-.5-.5H8V0h2Z\" \/>\n\t\t\t<\/svg>\n\t\t<\/button><\/figure>\n\n\n\n<p><\/p>\n","protected":false},"excerpt":{"rendered":"<p>Ihor est sergent-major dans une batterie de missiles et d\u2019artillerie antia\u00e9rienne au sein du bataillon de missiles et d\u2019artillerie antia\u00e9rienne de la 38e brigade d\u2019infanterie de marine. Au d\u00e9but de l\u2019ann\u00e9e 2014, il a entam\u00e9 son service au 1er bataillon d\u2019infanterie de marine et a pris part \u00e0 des missions de combat dans la zone [&hellip;]<\/p>\n","protected":false},"author":1,"featured_media":1674,"comment_status":"closed","ping_status":"closed","sticky":false,"template":"","format":"standard","meta":{"footnotes":""},"categories":[3],"tags":[],"class_list":["post-1673","post","type-post","status-publish","format-standard","has-post-thumbnail","hentry","category-guerre-russie-ukraine"],"_links":{"self":[{"href":"https:\/\/rrb.be\/rrb\/wp-json\/wp\/v2\/posts\/1673","targetHints":{"allow":["GET"]}}],"collection":[{"href":"https:\/\/rrb.be\/rrb\/wp-json\/wp\/v2\/posts"}],"about":[{"href":"https:\/\/rrb.be\/rrb\/wp-json\/wp\/v2\/types\/post"}],"author":[{"embeddable":true,"href":"https:\/\/rrb.be\/rrb\/wp-json\/wp\/v2\/users\/1"}],"replies":[{"embeddable":true,"href":"https:\/\/rrb.be\/rrb\/wp-json\/wp\/v2\/comments?post=1673"}],"version-history":[{"count":1,"href":"https:\/\/rrb.be\/rrb\/wp-json\/wp\/v2\/posts\/1673\/revisions"}],"predecessor-version":[{"id":1676,"href":"https:\/\/rrb.be\/rrb\/wp-json\/wp\/v2\/posts\/1673\/revisions\/1676"}],"wp:featuredmedia":[{"embeddable":true,"href":"https:\/\/rrb.be\/rrb\/wp-json\/wp\/v2\/media\/1674"}],"wp:attachment":[{"href":"https:\/\/rrb.be\/rrb\/wp-json\/wp\/v2\/media?parent=1673"}],"wp:term":[{"taxonomy":"category","embeddable":true,"href":"https:\/\/rrb.be\/rrb\/wp-json\/wp\/v2\/categories?post=1673"},{"taxonomy":"post_tag","embeddable":true,"href":"https:\/\/rrb.be\/rrb\/wp-json\/wp\/v2\/tags?post=1673"}],"curies":[{"name":"wp","href":"https:\/\/api.w.org\/{rel}","templated":true}]}}