{"id":1657,"date":"2026-01-12T09:14:02","date_gmt":"2026-01-12T09:14:02","guid":{"rendered":"https:\/\/rrb.be\/rrb\/?p=1657"},"modified":"2026-01-12T09:46:54","modified_gmt":"2026-01-12T09:46:54","slug":"guerre-en-ukraine-sergent-oleksandr-domanski-indicatif-radio-yeti-un-soldat-de-la-38e-brigade-distincte-de-fusiliers-marins-au-service-de-son-pays","status":"publish","type":"post","link":"https:\/\/rrb.be\/rrb\/guerre-en-ukraine-sergent-oleksandr-domanski-indicatif-radio-yeti-un-soldat-de-la-38e-brigade-distincte-de-fusiliers-marins-au-service-de-son-pays\/","title":{"rendered":"Guerre en Ukraine : Sergent Oleksandr Domanski, indicatif radio \u00ab Y\u00e9ti \u00bb : un soldat de la 38e brigade distincte de fusiliers marins au service de son pays"},"content":{"rendered":"\n<p><strong>Commandant de pi\u00e8ce* d\u2019une des batteries d\u2019artillerie de la brigade.<\/strong><\/p>\n\n\n\n<p>Avant l\u2019invasion \u00e0 grande \u00e9chelle, Oleksandr travaillait comme manager chez \u00ab Nova Poshta \u00bb et obtenait une qualification de soudeur-\u00e9lectricien. En janvier 2023, apr\u00e8s avoir termin\u00e9 sa formation, il s\u2019est volontairement enr\u00f4l\u00e9 dans les Forces arm\u00e9es ukrainiennes (ZSU), rejoignant la 38e brigade distincte de fusiliers marins **, qui \u00e9tait alors en phase de formation. Lors de la pr\u00e9paration, Oleksandr a fait preuve de qualit\u00e9s de leadership et de responsabilit\u00e9, ce qui lui a valu d\u2019\u00eatre nomm\u00e9 commandant de pi\u00e8ce \u2013 un poste qu\u2019il occupe toujours aujourd\u2019hui.<\/p>\n\n\n\n<p>Son parcours de combat, \u00ab Y\u00e9ti \u00bb l\u2019a commenc\u00e9 sur le front de Vougledar. Puis vinrent de durs combats dans le Kherson, et par la suite la d\u00e9fense sur le front de Pokrovsk, o\u00f9 il accomplit actuellement ses missions.<\/p>\n\n\n\n<blockquote class=\"wp-block-quote is-layout-flow wp-block-quote-is-layout-flow\">\n<p>\u00ab La guerre ne s\u2019arr\u00eate pas : l\u2019ennemi invente sans cesse de nouvelles m\u00e9thodes d\u2019attaque. Mais nous trouvons rapidement des contre-mesures, nous cherchons des solutions efficaces pour d\u00e9truire l\u2019adversaire, et nous continuerons jusqu\u2019\u00e0 ce que l\u2019ennemi soit compl\u00e8tement stopp\u00e9 \u00bb, d\u00e9clare Oleksandr.<\/p>\n<\/blockquote>\n\n\n\n<p>Au cours de son service, \u00ab Y\u00e9ti \u00bb s\u2019est impos\u00e9 comme un fusilier marin courageux, int\u00e8gre et plein d\u2019initiative, d\u00e9vou\u00e9 \u00e0 sa mission. Dans des circonstances difficiles, il n\u2019\u00e9vite pas la responsabilit\u00e9, sait prendre rapidement des d\u00e9cisions et stabiliser la situation. Pour ses subordonn\u00e9s, il est un exemple et un fr\u00e8re d\u2019armes fiable sur qui compter dans les moments les plus critiques. Son service est la preuve vivante que la fraternit\u00e9 des fusiliers marins va bien au-del\u00e0 de simples mots.<\/p>\n\n\n\n<p>Aujourd\u2019hui, \u00ab Y\u00e9ti \u00bb continue de d\u00e9fendre l\u2019Ukraine. Dans son temps libre, loin des missions de combat, il transmet son exp\u00e9rience aux jeunes fusiliers marins et perfectionne en permanence ses propres comp\u00e9tences.<\/p>\n\n\n\n<p>\u00ab <em>Il faut apprendre sans rel\u00e2che, combattre, an\u00e9antir l\u2019ennemi et enseigner aux autres ce que l\u2019on sait faire soi-m\u00eame. Le principe est simple : \u201csuis-moi, fais comme moi<\/em>\u201d \u00bb, r\u00e9sume Oleksandr.<\/p>\n\n\n\n<p>* Responsable de la mise en \u0153uvre technique et tactique de l&rsquo;arme : pointage, chargement, tir, maintenance et entra\u00eenement de son \u00e9quipe. Ce r\u00f4le est crucial dans les batteries d&rsquo;artillerie pour contrer les assauts ennemis, notamment sur des fronts comme Pokrovsk ou Vuhledar.<br>** Voir sous l&rsquo;article<\/p>\n\n\n\n<figure data-wp-context=\"{&quot;imageId&quot;:&quot;69f100598f276&quot;}\" data-wp-interactive=\"core\/image\" data-wp-key=\"69f100598f276\" class=\"wp-block-image size-large is-resized wp-lightbox-container\"><img loading=\"lazy\" decoding=\"async\" width=\"951\" height=\"1024\" data-wp-class--hide=\"state.isContentHidden\" data-wp-class--show=\"state.isContentVisible\" data-wp-init=\"callbacks.setButtonStyles\" data-wp-on--click=\"actions.showLightbox\" data-wp-on--load=\"callbacks.setButtonStyles\" data-wp-on-window--resize=\"callbacks.setButtonStyles\" src=\"https:\/\/rrb.be\/rrb\/wp-content\/uploads\/2026\/01\/sergent-Oleksandr-Domanski1-951x1024.jpg\" alt=\"\" class=\"wp-image-1659\" style=\"aspect-ratio:0.9287219707701344;width:319px;height:auto\" srcset=\"https:\/\/rrb.be\/rrb\/wp-content\/uploads\/2026\/01\/sergent-Oleksandr-Domanski1-951x1024.jpg 951w, https:\/\/rrb.be\/rrb\/wp-content\/uploads\/2026\/01\/sergent-Oleksandr-Domanski1-279x300.jpg 279w, https:\/\/rrb.be\/rrb\/wp-content\/uploads\/2026\/01\/sergent-Oleksandr-Domanski1-768x827.jpg 768w, https:\/\/rrb.be\/rrb\/wp-content\/uploads\/2026\/01\/sergent-Oleksandr-Domanski1.jpg 1199w\" sizes=\"auto, (max-width: 951px) 100vw, 951px\" \/><button\n\t\t\tclass=\"lightbox-trigger\"\n\t\t\ttype=\"button\"\n\t\t\taria-haspopup=\"dialog\"\n\t\t\taria-label=\"Enlarge\"\n\t\t\tdata-wp-init=\"callbacks.initTriggerButton\"\n\t\t\tdata-wp-on--click=\"actions.showLightbox\"\n\t\t\tdata-wp-style--right=\"state.imageButtonRight\"\n\t\t\tdata-wp-style--top=\"state.imageButtonTop\"\n\t\t>\n\t\t\t<svg xmlns=\"http:\/\/www.w3.org\/2000\/svg\" width=\"12\" height=\"12\" fill=\"none\" viewBox=\"0 0 12 12\">\n\t\t\t\t<path fill=\"#fff\" d=\"M2 0a2 2 0 0 0-2 2v2h1.5V2a.5.5 0 0 1 .5-.5h2V0H2Zm2 10.5H2a.5.5 0 0 1-.5-.5V8H0v2a2 2 0 0 0 2 2h2v-1.5ZM8 12v-1.5h2a.5.5 0 0 0 .5-.5V8H12v2a2 2 0 0 1-2 2H8Zm2-12a2 2 0 0 1 2 2v2h-1.5V2a.5.5 0 0 0-.5-.5H8V0h2Z\" \/>\n\t\t\t<\/svg>\n\t\t<\/button><\/figure>\n\n\n\n<p>Source : Service de presse et de communication :<br>38 \u043e\u043a\u0440\u0435\u043c\u0430 \u0431\u0440\u0438\u0433\u0430\u0434\u0430 \u043c\u043e\u0440\u0441\u044c\u043a\u043e\u0457 \u043f\u0456\u0445\u043e\u0442\u0438 \u0456\u043c\u0435\u043d\u0456 \u0433\u0435\u0442\u044c\u043c\u0430\u043d\u0430 \u041f\u0435\u0442\u0440\u0430 \u0421\u0430\u0433\u0430\u0439\u0434\u0430\u0447\u043d\u043e\u0433\u043e\u00a0<\/p>\n\n\n\n<hr class=\"wp-block-separator has-alpha-channel-opacity\"\/>\n\n\n\n<p><strong>La 38e brigade distincte de fusiliers marins nomm\u00e9e d&rsquo;apr\u00e8s le hetman Petro Konashevytch-Sahaydachny * est une unit\u00e9 des Forces navales des Forces arm\u00e9es ukrainiennes, int\u00e9gr\u00e9e au 30e corps de fusiliers marins.<\/strong><\/p>\n\n\n\n<figure class=\"wp-block-image size-large\"><img loading=\"lazy\" decoding=\"async\" width=\"1024\" height=\"512\" src=\"https:\/\/rrb.be\/rrb\/wp-content\/uploads\/2026\/01\/38e-brigade-distincte-de-fusiliers-marins-nommee-dapres-le-hetman-Petro-Konashevytch-Sahaydachny-1024x512.jpg\" alt=\"\" class=\"wp-image-1660\" srcset=\"https:\/\/rrb.be\/rrb\/wp-content\/uploads\/2026\/01\/38e-brigade-distincte-de-fusiliers-marins-nommee-dapres-le-hetman-Petro-Konashevytch-Sahaydachny-1024x512.jpg 1024w, https:\/\/rrb.be\/rrb\/wp-content\/uploads\/2026\/01\/38e-brigade-distincte-de-fusiliers-marins-nommee-dapres-le-hetman-Petro-Konashevytch-Sahaydachny-300x150.jpg 300w, https:\/\/rrb.be\/rrb\/wp-content\/uploads\/2026\/01\/38e-brigade-distincte-de-fusiliers-marins-nommee-dapres-le-hetman-Petro-Konashevytch-Sahaydachny-768x384.jpg 768w, https:\/\/rrb.be\/rrb\/wp-content\/uploads\/2026\/01\/38e-brigade-distincte-de-fusiliers-marins-nommee-dapres-le-hetman-Petro-Konashevytch-Sahaydachny.jpg 1280w\" sizes=\"auto, (max-width: 1024px) 100vw, 1024px\" \/><\/figure>\n\n\n\n<p>Cr\u00e9\u00e9e le 10 novembre 2022 \u00e0 Horishni Plavni (oblast de Poltava), sur la base du 503e bataillon distinct de fusiliers marins, sous le commandement initial du H\u00e9ros de l&rsquo;Ukraine Yevhen Bova. Elle s&rsquo;est form\u00e9e en 2023, avec un premier bataillon envoy\u00e9 en formation au Royaume-Uni en f\u00e9vrier 2023 dans le cadre du programme d&rsquo;entra\u00eenement britannique.<\/p>\n\n\n\n<h2 class=\"wp-block-heading\"><strong>Engagements principaux<\/strong><\/h2>\n\n\n\n<ul class=\"wp-block-list\">\n<li>\u00c9t\u00e9 2023 : Combats sur le front de Vuhledar (Donetsguivka) et destruction d&rsquo;un h\u00e9licopt\u00e8re russe Ka-52 le 25 juillet.<\/li>\n\n\n\n<li>Ao\u00fbt 2023 : Participation \u00e0 la lib\u00e9ration d&rsquo;Ouroja\u00efn\u00e9 avec d&rsquo;autres brigades de fusiliers marins.<\/li>\n\n\n\n<li>\u200bOctobre 2023-fin 2023 : D\u00e9barquement sur la rive gauche du Dnipro pr\u00e8s de Kherson et combats pour Krynyky.<\/li>\n\n\n\n<li>\u200bHiver 2024-2025 : D\u00e9fense sur le front de Pokrovsk ; au 10 d\u00e9cembre 2024, toujours active l\u00e0-bas.<\/li>\n<\/ul>\n\n\n\n<h2 class=\"wp-block-heading\">Distinctions et \u00e9quipement<\/h2>\n\n\n\n<ul class=\"wp-block-list\">\n<li>6 d\u00e9cembre 2023 : Remise du drapeau de combat par le pr\u00e9sident Volodymyr Zelensky.<\/li>\n\n\n\n<li>5 d\u00e9cembre 2024 : Distinction \u00ab Pour le courage et la bravoure \u00bb.<\/li>\n\n\n\n<li>\u200b23 mai 2025 : Attribution du nom honorifique du hetman Petro Sahaydachny, c\u00e9l\u00e8bre ataman cosaque du XVIIe si\u00e8cle.<\/li>\n\n\n\n<li>\u00c9quipements : En 2024, r\u00e9ception de BMP allemands Marder 1A3 ; utilisation de drones FPV et technologies de reconnaissance modernes.<\/li>\n<\/ul>\n\n\n\n<p>L&rsquo;unit\u00e9 est reconnue pour sa bravoure, avec plusieurs pertes honor\u00e9es parmi ses membres lors des combats intenses sur les fronts du sud et de l&rsquo;est de l&rsquo;Ukraine.<\/p>\n\n\n\n<p>Par Alain Schenkels<\/p>\n\n\n\n<figure data-wp-context=\"{&quot;imageId&quot;:&quot;69f100598f913&quot;}\" data-wp-interactive=\"core\/image\" data-wp-key=\"69f100598f913\" class=\"wp-block-image size-full is-resized wp-lightbox-container\"><img loading=\"lazy\" decoding=\"async\" width=\"728\" height=\"1006\" data-wp-class--hide=\"state.isContentHidden\" data-wp-class--show=\"state.isContentVisible\" data-wp-init=\"callbacks.setButtonStyles\" data-wp-on--click=\"actions.showLightbox\" data-wp-on--load=\"callbacks.setButtonStyles\" data-wp-on-window--resize=\"callbacks.setButtonStyles\" src=\"http:\/\/rrb.be\/rrb\/wp-content\/uploads\/2025\/12\/Alain_Schenkels-1.jpg\" alt=\"\" class=\"wp-image-329\" style=\"aspect-ratio:0.7236798770446811;width:215px;height:auto\" srcset=\"https:\/\/rrb.be\/rrb\/wp-content\/uploads\/2025\/12\/Alain_Schenkels-1.jpg 728w, https:\/\/rrb.be\/rrb\/wp-content\/uploads\/2025\/12\/Alain_Schenkels-1-217x300.jpg 217w\" sizes=\"auto, (max-width: 728px) 100vw, 728px\" \/><button\n\t\t\tclass=\"lightbox-trigger\"\n\t\t\ttype=\"button\"\n\t\t\taria-haspopup=\"dialog\"\n\t\t\taria-label=\"Enlarge\"\n\t\t\tdata-wp-init=\"callbacks.initTriggerButton\"\n\t\t\tdata-wp-on--click=\"actions.showLightbox\"\n\t\t\tdata-wp-style--right=\"state.imageButtonRight\"\n\t\t\tdata-wp-style--top=\"state.imageButtonTop\"\n\t\t>\n\t\t\t<svg xmlns=\"http:\/\/www.w3.org\/2000\/svg\" width=\"12\" height=\"12\" fill=\"none\" viewBox=\"0 0 12 12\">\n\t\t\t\t<path fill=\"#fff\" d=\"M2 0a2 2 0 0 0-2 2v2h1.5V2a.5.5 0 0 1 .5-.5h2V0H2Zm2 10.5H2a.5.5 0 0 1-.5-.5V8H0v2a2 2 0 0 0 2 2h2v-1.5ZM8 12v-1.5h2a.5.5 0 0 0 .5-.5V8H12v2a2 2 0 0 1-2 2H8Zm2-12a2 2 0 0 1 2 2v2h-1.5V2a.5.5 0 0 0-.5-.5H8V0h2Z\" \/>\n\t\t\t<\/svg>\n\t\t<\/button><\/figure>\n\n\n\n<p><\/p>\n","protected":false},"excerpt":{"rendered":"<p>Commandant de pi\u00e8ce* d\u2019une des batteries d\u2019artillerie de la brigade. Avant l\u2019invasion \u00e0 grande \u00e9chelle, Oleksandr travaillait comme manager chez \u00ab Nova Poshta \u00bb et obtenait une qualification de soudeur-\u00e9lectricien. En janvier 2023, apr\u00e8s avoir termin\u00e9 sa formation, il s\u2019est volontairement enr\u00f4l\u00e9 dans les Forces arm\u00e9es ukrainiennes (ZSU), rejoignant la 38e brigade distincte de fusiliers [&hellip;]<\/p>\n","protected":false},"author":1,"featured_media":1658,"comment_status":"closed","ping_status":"open","sticky":false,"template":"","format":"standard","meta":{"footnotes":""},"categories":[3],"tags":[],"class_list":["post-1657","post","type-post","status-publish","format-standard","has-post-thumbnail","hentry","category-guerre-russie-ukraine"],"_links":{"self":[{"href":"https:\/\/rrb.be\/rrb\/wp-json\/wp\/v2\/posts\/1657","targetHints":{"allow":["GET"]}}],"collection":[{"href":"https:\/\/rrb.be\/rrb\/wp-json\/wp\/v2\/posts"}],"about":[{"href":"https:\/\/rrb.be\/rrb\/wp-json\/wp\/v2\/types\/post"}],"author":[{"embeddable":true,"href":"https:\/\/rrb.be\/rrb\/wp-json\/wp\/v2\/users\/1"}],"replies":[{"embeddable":true,"href":"https:\/\/rrb.be\/rrb\/wp-json\/wp\/v2\/comments?post=1657"}],"version-history":[{"count":5,"href":"https:\/\/rrb.be\/rrb\/wp-json\/wp\/v2\/posts\/1657\/revisions"}],"predecessor-version":[{"id":1677,"href":"https:\/\/rrb.be\/rrb\/wp-json\/wp\/v2\/posts\/1657\/revisions\/1677"}],"wp:featuredmedia":[{"embeddable":true,"href":"https:\/\/rrb.be\/rrb\/wp-json\/wp\/v2\/media\/1658"}],"wp:attachment":[{"href":"https:\/\/rrb.be\/rrb\/wp-json\/wp\/v2\/media?parent=1657"}],"wp:term":[{"taxonomy":"category","embeddable":true,"href":"https:\/\/rrb.be\/rrb\/wp-json\/wp\/v2\/categories?post=1657"},{"taxonomy":"post_tag","embeddable":true,"href":"https:\/\/rrb.be\/rrb\/wp-json\/wp\/v2\/tags?post=1657"}],"curies":[{"name":"wp","href":"https:\/\/api.w.org\/{rel}","templated":true}]}}