{"id":162,"date":"2025-07-21T08:19:00","date_gmt":"2025-07-21T08:19:00","guid":{"rendered":"https:\/\/rrb.be\/rrb\/?page_id=162"},"modified":"2026-02-08T22:21:39","modified_gmt":"2026-02-08T22:21:39","slug":"25-aout-1830-21-juillet-1831-la-revolution-belge","status":"publish","type":"post","link":"https:\/\/rrb.be\/rrb\/25-aout-1830-21-juillet-1831-la-revolution-belge\/","title":{"rendered":"25 ao\u00fbt 1830 &#8211; 21 juillet 1831 La R\u00e9volution belge"},"content":{"rendered":"\n<h3 class=\"wp-block-heading\">La R\u00e9volution belge de 1830<\/h3>\n\n\n\n<p>C&rsquo;est la r\u00e9volte, contre le roi des Pays-Bas Guillaume Ier, deplusieurs provinces du Sud du royaume (donc la Belgique actuelle augment\u00e9e du Limbourg Hollandais), suivie de leur s\u00e9cession. \u00c0 la suite de l\u2019implication des nations voisines, elle mena \u00e0 la scission du royaume et \u00e0 l\u2019ind\u00e9pendance de la Belgique proclam\u00e9e par le gouvernement provisoire de Belgique le 4 octobre 1830.<\/p>\n\n\n\n<p>Guillaume Ier \u00e9tait p\u00e9n\u00e9tr\u00e9 par les conceptions politiques allemandes, telles qu\u2019elles s\u2019exprimaient dans la plupart des \u00c9tats de la Conf\u00e9d\u00e9ration germanique et en particulier en Prusse. Sa m\u00e8re, Wilhelmine, \u00e9tait la soeur du roi de Prusse Fr\u00e9d\u00e9ric-Guillaume II et eut jusqu\u2019\u00e0 sa mort une grande influence sur lui. D\u2019autre part, il fut en grande partie \u00e9duqu\u00e9 par un militaire prussien, le baron De Stamford, et eut ses premi\u00e8res exp\u00e9riences politiques en tant que prince de Fulda (1802-1806) et en tant que propri\u00e9taire terrien en Prusse-Orientale. Logiquement, Guillaume Ier entendait se comporter en tant que roi comme un despote \u00e9clair\u00e9.<\/p>\n\n\n\n<h3 class=\"wp-block-heading\">La r\u00e9volte d\u2019ao\u00fbt 1830<\/h3>\n\n\n\n<p>La r\u00e9volution de Juillet qui \u00e9clata en France le 27 juillet 1830 contre Charles X porta en trois jours le roi-bourgeois Louis-Philippe au pouvoir, dans le cadre d\u2019une monarchie constitutionnelle. Le roi devint le \u00ab&nbsp;<em>roi des Fran\u00e7ais par la volont\u00e9 nationale<\/em>&nbsp;\u00bb. Cette r\u00e9volution lib\u00e9rale \u00e9chauffa les esprits en Belgique. Entre 1829 et 1831, d\u2019autres r\u00e9volutions \u00e9clat\u00e8rent en Europe. Elles avaient plut\u00f4t un caract\u00e8re nationaliste, inspir\u00e9 par les id\u00e9aux du romantisme, qui voulaient que chaque peuple e\u00fbt droit \u00e0 une nation et \u00e0 l\u2019autonomie (principe d\u2019autod\u00e9termination des peuples).<\/p>\n\n\n\n<p>D\u2019autre part, les facteurs \u00e9conomiques favorisaient les troubles. Le ch\u00f4mage parmi les travailleurs manuels, caus\u00e9 par les d\u00e9buts de la m\u00e9canisation et la hausse des prix des denr\u00e9es alimentaires suite \u00e0 la mauvaise r\u00e9colte de 1829, seront un terrain fertile pour les soul\u00e8vements populaires. En effet, s\u2019ils n\u2019avaient pas de travail, les ouvriers \u00e9taient en proie \u00e0 de s\u00e9rieuses difficult\u00e9s financi\u00e8res, or, en 1830, le ch\u00f4mage augmentait dangereusement ainsi que le risque de vol et de pillage. Mais le mouvement ind\u00e9pendantiste grondait d\u00e9j\u00e0 depuis 1821. Surlet de Chokier, repr\u00e9sentant de nos provinces au parlement de La Haye, craignait de ne plus revenir en vie comme en t\u00e9moigne certains \u00e9crits d\u00e8s 1827 tant l\u2019hostilit\u00e9 \u00e9tait palpable.<\/p>\n\n\n\n<h3 class=\"wp-block-heading\">D\u00e9but de la r\u00e9volution belge<\/h3>\n\n\n\n<p>Les semaines qui suivirent en France les Trois Glorieuses (27, 28 et 29 juillet 1830) furent \u00e9maill\u00e9es en Belgique d\u2019incidents mineurs (lecture publique des journaux fran\u00e7ais, agitation lors de la repr\u00e9sentation de l\u2019op\u00e9ra d\u2019Auber La Muette de Portici, tracts, affiches et graffitis antigouvernementaux, trouble de l\u2019ordre public par des groupes isol\u00e9s, port de rubans tricolores, rumeurs \u00e0 propos de projets s\u00e9ditieux). Les autorit\u00e9s gouvernementales prirent diverses mesures de prudence (interdiction de La Muette de Portici, renforcement des garnisons, annulation de l\u2019exercice de la garde communale de Bruxelles, du feu d\u2019artifice et des illuminations pr\u00e9vus pour l\u2019anniversaire du roi).<\/p>\n\n\n\n<p>Le 25 ao\u00fbt 1830 (jour du cinquante-neuvi\u00e8me anniversaire du roi), on autorisa \u00e0 Bruxelles la repr\u00e9sentation de l\u2019op\u00e9ra romantique d\u2019Auber, La Muette de Portici au th\u00e9\u00e2tre de la Monnaie. \u00c0 la fin de la repr\u00e9sentation, certains spectateurs continu\u00e8rent de crier \u00ab&nbsp;<em>Vive la libert\u00e9 !&nbsp;<\/em>\u00bb. \u00c0 la sortie du spectacle, une foule s\u2019\u00e9tait form\u00e9e sur la place de la Monnaie. Bient\u00f4t, elle se dirigea vers la demeure du publiciste orangiste Georges Libri-Bagnano qui fut pill\u00e9e, son propri\u00e9tair eayant pris la fuite quelques jours plus t\u00f4t. Deux piquets d\u2019infanterie arriv\u00e8rent sur les lieux apr\u00e8s le pillage de la demeure. Leur commandant, le commissaire de police F.P. de Wageneer, fut atteint par un meuble \u00e0 la t\u00eate avant d\u2019avoir donn\u00e9 l\u2019ordre d\u2019intervenir. Sans instructions, les piquets n\u2019os\u00e8rent s\u2019engager.<\/p>\n\n\n\n<p>La foule s\u2019en prit \u00e0 d\u2019autres b\u00e2timents : une armurerie, un magasin de jouets (pour obtenir destambours), la librairie polymathique, les Grandes Messageries. Le groupe de pillards s\u2019\u00e9tait grossi de gens du petit peuple. Plus tard, un groupe se dirigea vers l\u2019immeuble du directeur de la police, Pierre De Knyff de Gontroeuil, qui fut \u00e9galement mis \u00e0 sac. L\u00e0, les tirs des services d\u2019ordre font des victimes, dont deux tu\u00e9s parmi les insurg\u00e9s, ce qui mit fin \u00e0 l\u2019agitation. Un autre groupe s\u2019\u00e9tait port\u00e9 vers la maison du procureur du roi Henry-Joseph Schuermans, dans laquelle il ne parvint pas \u00e0 p\u00e9n\u00e9trer. Il se d\u00e9pla\u00e7a alors vers l\u2019h\u00f4tel du ministre de la Justice Cornelis Van Maanen (au Petit Sablon), o\u00f9 il fut rejoint par d\u2019autres \u00e9l\u00e9ments. L\u2019immeuble fut pill\u00e9 puis incendi\u00e9 vers deux heures du matin. Apr\u00e8s avoir \u00e9chou\u00e9 \u00e0 mettre fin \u00e0 l\u2019incendie, les autorit\u00e9s rassembl\u00e8rent les troupes disponibles sur la Grand-Place vers six heures et demie. De l\u00e0, une partie alla d\u00e9fendre les palais du roi et du prince d\u2019Orange, menac\u00e9s par l\u2019insurrection. Une autre regagna l\u2019h\u00f4tel de Van Maanen, qui \u00e9tait d\u00e9j\u00e0 presque d\u00e9truit. Au Grand Sablon, les tirs sur les manifestants firent une vingtaine de tu\u00e9s.<\/p>\n\n\n\n<p>Apprenant les \u00e9v\u00e9nements de Bruxelles, le peuple gronda un peu partout dans le pays, dans les villes comme dans les campagnes. Souvent, une garde bourgeoise (\u00e0 Li\u00e8ge, Verviers, Namur, Dinant, Mons, Tournai, Charleroi, Bruges, Courtrai, Gand, Grammont, Anvers, Geel, Tongres, Hasselt, Saint-Trond, Louvain) ou une commission de s\u00fbret\u00e9 (\u00e0 Li\u00e8ge, Verviers, Huy et Namur) fut cr\u00e9\u00e9e, parfois avant m\u00eame que n\u2019\u00e9clatent les troubles. Parfois, des volontaires d\u00e9cid\u00e8rent de partir pour Bruxelles pour contrer une \u00e9ventuelle attaque des troupes des Pays-Bas. Les Li\u00e9geois s\u2019organis\u00e8rent ainsi et c\u2019est derri\u00e8re le drapeau rouge et jaune de la principaut\u00e9 de Li\u00e8ge, brandi par Charles Rogier que, le 4 septembre 1830, les volontaires quitt\u00e8rent Li\u00e8ge pour Bruxelles.<\/p>\n\n\n\n<figure class=\"wp-block-image size-full\"><img loading=\"lazy\" decoding=\"async\" width=\"600\" height=\"470\" src=\"https:\/\/rrb.be\/rrb\/wp-content\/uploads\/2025\/12\/revolution-belge-25-aout-1830-21-juillet-1831-1.jpg\" alt=\"\" class=\"wp-image-164\" srcset=\"https:\/\/rrb.be\/rrb\/wp-content\/uploads\/2025\/12\/revolution-belge-25-aout-1830-21-juillet-1831-1.jpg 600w, https:\/\/rrb.be\/rrb\/wp-content\/uploads\/2025\/12\/revolution-belge-25-aout-1830-21-juillet-1831-1-300x235.jpg 300w\" sizes=\"auto, (max-width: 600px) 100vw, 600px\" \/><\/figure>\n\n\n\n<p><strong>D\u00e9but septembre<\/strong>, la presse belge qui traduisait l\u2019opinion des meneurs de la r\u00e9volution, ne r\u00e9clamait pas l\u2019ind\u00e9pendance de la Belgique, mais uniquement la s\u00e9paration entre la Belgique et la \u00ab Hollande \u00bb.<\/p>\n\n\n\n<p>Tandis que les membres belges des \u00c9tats g\u00e9n\u00e9raux se rendirent le 13 septembre 1830 \u00e0 La Haye, les incidents de Bruxelles reprirent un caract\u00e8re violent, surtout apr\u00e8s l\u2019arriv\u00e9e de renforts arm\u00e9s venus de Li\u00e8ge. Spontan\u00e9ment apparurent des corps francs, dirig\u00e9s par des chefs \u00e9lus ou autoproclam\u00e9s.<\/p>\n\n\n\n<p><strong>Le 23 septembre<\/strong>, l\u2019arm\u00e9e du gouvernement, forte de douze mille hommes (dont deux tier s\u00e9taient originaires des Pays-Bas du Sud, c\u2019est-\u00e0-dire de Belgique) et command\u00e9e par le prince Fr\u00e9d\u00e9ric, entra dans Bruxelles. La plupart des chefs de la garde bourgeoise, voulant se soustraire aux repr\u00e9sailles du gouvernement, quitt\u00e8rent Bruxelles. Mais la population entendait continuer le combat et l\u2019arm\u00e9e r\u00e9guli\u00e8re de ce qui \u00e9tait encore le Royaume uni des Pays-Bas se heurta \u00e0 une vive r\u00e9sistance des corps francs form\u00e9s par le peuple de Bruxelles et par les volontaires venus de province.<\/p>\n\n\n\n<p>Aux portes de la ville et dans quelques rues \u00e9troites de la ville basse, comme la rue de Flandre, l\u2019arm\u00e9e recula devant la r\u00e9sistance des \u00e9meutiers qui tiraient des fen\u00eatres et des toits, les femmes faisant pleuvoir toutes sortes d\u2019objets sur les soldats, meubles, fourneaux, pots de chambre. Dans la ville haute, dans le quartier des palais royaux, l\u2019arm\u00e9e ne put aller au-del\u00e0 du parc de Bruxelles sous les coups des patriotes qui y avaient \u00e9rig\u00e9 des barricades, la plus grande \u00e0 l\u2019entr\u00e9e de la place Royale, et d\u2019autres dans les rues perpendiculaires \u00e0 la rue Royale et \u00e0 la rue Ducale. Ces positions \u00e9taient compl\u00e9t\u00e9es par l\u2019occupation d\u2019insurg\u00e9s dans les maisons et h\u00f4tels bordant ces deux rues. On en avait creus\u00e9 les murs mitoyens pour constituer un syst\u00e8me continu de passages qui permettait aux combattants d\u2019entourer le parc sur trois c\u00f4t\u00e9s.<\/p>\n\n\n\n<h3 class=\"wp-block-heading\">D\u00e9route d\u2019une division de l\u2019arm\u00e9e r\u00e9guli\u00e8re du Royaume uni des Pays-Bas par la porte de Flandre<\/h3>\n\n\n\n<figure class=\"wp-block-image size-full\"><img loading=\"lazy\" decoding=\"async\" width=\"600\" height=\"413\" src=\"https:\/\/rrb.be\/rrb\/wp-content\/uploads\/2025\/12\/revolution-belge-25-aout-1830-21-juillet-1831-3.jpg\" alt=\"\" class=\"wp-image-165\" srcset=\"https:\/\/rrb.be\/rrb\/wp-content\/uploads\/2025\/12\/revolution-belge-25-aout-1830-21-juillet-1831-3.jpg 600w, https:\/\/rrb.be\/rrb\/wp-content\/uploads\/2025\/12\/revolution-belge-25-aout-1830-21-juillet-1831-3-300x207.jpg 300w\" sizes=\"auto, (max-width: 600px) 100vw, 600px\" \/><\/figure>\n\n\n\n<p><strong>Le 24 septembre<\/strong>, les principaux dirigeants politiques, revenus \u00e0 Bruxelles d\u00e8s qu\u2019ils avaient compris que le peuple voulait se battre, fond\u00e8rent une commission administrative qui s\u2019installa \u00e0 l\u2019h\u00f4tel de ville. Un t\u00e9moin raconte que, la nuit venue, ils s\u2019install\u00e8rent autour d\u2019une table \u00e9clair\u00e9e par une bougie. Ce noyau de pouvoir comprendra Emmanuel van der Linden d\u2019Hooghvorst, Andr\u00e9 Jolly et le Li\u00e9geois Charles Rogier. Cherchant \u00e0 mettre de l\u2019ordre dans l\u2019insurrection, ils nomm\u00e8rent commandant en chef don Juan Van Halen, n\u00e9 de m\u00e8re espagnole et de p\u00e8re d\u2019origine belge. Ayant un pass\u00e9 militaire, Van Halen s\u2019entoura de comp\u00e9tence, comme le g\u00e9n\u00e9ral fran\u00e7ais \u00e9migr\u00e9 Anne-Fran\u00e7ois Mellinet, qu\u2019il nomma commandant de l\u2019artillerie. Mais il n\u2019y eut, au d\u00e9but, qu\u2019un seul canon install\u00e9 \u00e0 la barricade du parc et mani\u00e9 parle Li\u00e9geois Charlier, dit \u00ab Jambe de bois \u00bb. Le colonel Scheltens, Bruxellois de naissance, ancien de l\u2019arm\u00e9e de Napol\u00e9on entr\u00e9 dans l\u2019arm\u00e9e des Pays-Bas, se rangea sous l\u2019autorit\u00e9 de Van Halen et s\u2019effor\u00e7a de doter les insurg\u00e9s d\u2019armes convenables en s\u2019en allant superviser le pillage de l\u2019arsenal militaire de l\u2019arm\u00e9e r\u00e9guli\u00e8re install\u00e9 dans la caserne des Carmes.<\/p>\n\n\n\n<p>L\u2019arm\u00e9e du Royaume uni des Pays-Bas \u00e9tait dans l\u2019impossibilit\u00e9 de venir \u00e0 bout des barricades et apr\u00e8s plusieurs sorties des insurg\u00e9s qui tentaient d\u2019entrer dans le parc, elle \u00e9vacua toutes ses positions des portes de la ville et du parc, mettant \u00e0 profit la nuit du 26 au 27 septembre. La commission administrative si\u00e9geant \u00e0 l\u2019h\u00f4tel de ville se transforma alors en gouvernement provisoire de la Belgique.<\/p>\n\n\n\n<p>Entre-temps, les nouvelles de province annon\u00e7aient qu\u2019un peu partout les soul\u00e8vements en faveur de la s\u00e9cession triomphaient. Apr\u00e8s Bruxelles et Li\u00e8ge, Anvers et Gand \u00e9taient m\u00eame le th\u00e9\u00e2tre de v\u00e9ritables combats, tandis que des volontaires accouraient des campagnes.<\/p>\n\n\n\n<h3 class=\"wp-block-heading\">Quel \u00e9tait le nombre de r\u00e9volutionnaires belges et qui \u00e9taient-ils ?<\/h3>\n\n\n\n<p>L\u2019estimation du nombre total des participants varie tr\u00e8s largement. selon le chef d\u2019\u00e9tat-major du royaume des Pays-Bas toute la ville \u00e9tait entr\u00e9e en r\u00e9bellion, mais le g\u00e9n\u00e9ral Valaz\u00e9, ambassadeur de France, n\u2019estimait pas \u00e0 plus de cinq cents le nombre des insurg\u00e9s effectivement arm\u00e9s au cours des premiers jours. John W. Rooney Jr., en se basant sur les registres qui visaient \u00e0 consigner le nom de tous les combattants morts, bless\u00e9s ou d\u00e9cor\u00e9s, estime \u00e0 1 700 le nombre de r\u00e9volt\u00e9s pour une ville de 103 000 habitants \u00e0 l\u2019\u00e9poque, soit 1,6 % de la population bruxelloise.<\/p>\n\n\n\n<p>Mais on doit ajouter au chiffre initial des premiers insurg\u00e9s, celui des membres de la garde bourgeoise d\u2019Emmanuel d\u2019Hoogvorst et des militaires belges d\u00e9serteurs de l\u2019arm\u00e9e officielle du Royaume venus rallier le mouvement. Parmi eux, le colonel Scheltens, un ancien des campagnes napol\u00e9oniennes entr\u00e9 dans l\u2019arm\u00e9e des Pays-Bas en 1814, qui raconte dans ses m\u00e9moires qu\u2019il organisa une distribution d\u2019armes aux insurg\u00e9s lors du pillage d\u2019une caserne.<\/p>\n\n\n\n<p>Ces r\u00e9volt\u00e9s bruxellois n\u2019ont expos\u00e9 qu\u2019en de rares occasions leurs motivations, mais les t\u00e9moignages de quelques observateurs, un aventurier am\u00e9ricain qui prit part \u00e0 la r\u00e9volution ,permettent de se faire une id\u00e9e de ces \u00e9meutiers. Augustus Beaumont d\u00e9crit les r\u00e9volutionnaires comme des hommes sans formation militaire, souvent affam\u00e9s, partageant leur temps entre les barricades et les estaminets, ne reconnaissant aucune autorit\u00e9, se battant sans autre but pr\u00e9cis que de chasser les Hollandais, mais ne se livrant pas au pillage.<\/p>\n\n\n\n<h3 class=\"wp-block-heading\">Repr\u00e9sentation de la rue de Flandre le 23 septembre 1830<\/h3>\n\n\n\n<figure class=\"wp-block-image size-full\"><img loading=\"lazy\" decoding=\"async\" width=\"600\" height=\"386\" src=\"https:\/\/rrb.be\/rrb\/wp-content\/uploads\/2025\/12\/revolution-belge-25-aout-1830-21-juillet-1831-4.jpg\" alt=\"\" class=\"wp-image-166\" srcset=\"https:\/\/rrb.be\/rrb\/wp-content\/uploads\/2025\/12\/revolution-belge-25-aout-1830-21-juillet-1831-4.jpg 600w, https:\/\/rrb.be\/rrb\/wp-content\/uploads\/2025\/12\/revolution-belge-25-aout-1830-21-juillet-1831-4-300x193.jpg 300w\" sizes=\"auto, (max-width: 600px) 100vw, 600px\" \/><\/figure>\n\n\n\n<h3 class=\"wp-block-heading\">Les listes indiquent que l\u2019\u00e2ge moyen des combattants \u00e9tait d\u2019environ trente ans<\/h3>\n\n\n\n<p>Le niveau le plus \u00e9lev\u00e9 de mortalit\u00e9 se trouve chez les hommes plus \u00e2g\u00e9s que la moyenne, mari\u00e9s et p\u00e8res de famille, ce que Rooney interpr\u00e8te comme une plus grande combativit\u00e9 dans la classe d\u2019\u00e2ge des chefs de famille issus du peuple, s\u2019agissant d\u2019hommes incapables de subvenir au besoin de leur famille et pouss\u00e9s \u00e0 bout par leur condition mis\u00e9rable. Rooney sugg\u00e8re qu\u2019outre les difficult\u00e9s \u00e9conomiques, la pr\u00e9sence d\u2019une arm\u00e9e attaquant la ville \u00e9tait \u00e0 la source d\u2019une r\u00e9action spontan\u00e9e de r\u00e9sistance envers l\u2019envahisseur.<\/p>\n\n\n\n<p>Il faut ajouter \u00e0 la recension des diff\u00e9rentes cat\u00e9gories de combattants, des r\u00e9fugi\u00e9s et aventuriers \u00e9trangers : Juan Van Halen, personnalit\u00e9 belgo-espagnole qui fut nomm\u00e9 commandant en chef, le g\u00e9n\u00e9ral fran\u00e7ais Anne Fran\u00e7ois Mellinet exil\u00e9 \u00e0 Bruxelles qui commanda l\u2019artillerie des insurg\u00e9s dans la suite de la campagne, Chazal p\u00e8re et fils, bonapartistes, le fils faisant ensuite une brillante carri\u00e8re dans l\u2019arm\u00e9e et la politique, commem inistre de la guerre et g\u00e9n\u00e9ral en chef (dans son grand \u00e2ge, il commanda l\u2019arm\u00e9e belge qui, en 1870, devait d\u00e9fendre le pays contre une attaque des bellig\u00e9rants fran\u00e7ais ou prussiens), Niellon, Le Hardy de Beaulieu, r\u00e9fugi\u00e9s qui firent souche en Belgique. La plupart de ces volontaires issus de la bourgeoisie et de la noblesse allaient recevoir la grande nationalit\u00e9 belge d\u00e8s le d\u00e9but du r\u00e8gne de L\u00e9opold Ier.<\/p>\n\n\n\n<h3 class=\"wp-block-heading\">Octobre : la r\u00e9volution prend le contr\u00f4le du territoire<\/h3>\n\n\n\n<p>Le 29 septembre, les \u00c9tats g\u00e9n\u00e9raux acceptent le principe de s\u00e9paration administrative, mais il est trop tard. Les Journ\u00e9es de septembre ont d\u00e9finitivement d\u00e9tourn\u00e9 les Belges de Guillaume Ier. L\u2019opinion majoritaire \u00e9tait qu\u2019un roi qui avait fait couler le sang de son peuple ne pouvait plus r\u00e9gner. Le 4 octobre 1830, le Gouvernement provisoire proclame l\u2019ind\u00e9pendance de la Belgique. Il annonce la r\u00e9daction d\u2019un projet de constitution et la convocation prochaine d\u2019un Congr\u00e8s national.<\/p>\n\n\n\n<p>Le 5 octobre, le prince d\u2019Orange arriva \u00e0 Anvers. Il y restera jusqu\u2019au 25-26 octobre et n\u00e9gociera avec les autorit\u00e9s belges en vue d\u2019acc\u00e9der au tr\u00f4ne de Belgique. En effet, une bonne partie des meneurs (Charles de Brouck\u00e8re, Joseph Lebeau, Lucien Jottrand) et de la presse r\u00e9volutionnaires consid\u00e9rait que donner le tr\u00f4ne de Belgique au prince d\u2019Orange \u00e9tait la seule solution pour obtenir l\u2019assentiment des puissances \u00e0 l\u2019ind\u00e9pendance de la Belgique. Cette solution avait \u00e9galement l\u2019avantage de pr\u00e9server l\u2019industrie belge du risque de fermeture des march\u00e9s hollandais et indon\u00e9sien. Charles de Brouck\u00e8re rencontre le prince le 8 octobre.<\/p>\n\n\n\n<p>Gr\u00e2ce \u00e0 leur contact constant avec la population locale, les soldats gouvernementaux, g\u00e9n\u00e9ralement stationn\u00e9s dans les r\u00e9gions dont ils \u00e9taient originaires, se montr\u00e8rent tr\u00e8s sensibles aux id\u00e9es r\u00e9volutionnaires. Les troupes se mutin\u00e8rent, refus\u00e8rent d\u2019ob\u00e9ir aux ordres et d\u00e9sert\u00e8rent massivement. Dans certaines garnisons, les officiers hollandais furent emprisonn\u00e9s par leurs soldats. \u00c0 partir du 16 octobre, la d\u00e9liquescence de l\u2019arm\u00e9e s\u2019acc\u00e9l\u00e9ra encore quand le prince Guillaume, en imitation du Gouvernement provisoire, proclama l\u2019ind\u00e9pendance des provinces m\u00e9ridionales (en de\u00e7\u00e0 du Rhin) et d\u00e9clara son intention descinder l\u2019arm\u00e9e en divisions nordistes et sudistes.<\/p>\n\n\n\n<p>Malgr\u00e9 leur composition et leur encadrement h\u00e9t\u00e9roclite (on comptait parmi ses dirigeants l\u2019aventurier espagnol don Juan Van Halen et des officiers fran\u00e7ais), les brigades volontaires belges r\u00e9ussirent \u00e0 \u00e9vincer presque partout les troupes r\u00e9guli\u00e8res du roi des Pays-Bas. Ainsi, celles-ci furent refoul\u00e9es sur la N\u00e8the (bataille de Walem), puis sur Anvers (batailles de Berchem et de Borgerhout).<\/p>\n\n\n\n<p>Le 26 octobre, peu apr\u00e8s le d\u00e9part du prince d\u2019Orange, les volontaires belges entrent dans la ville d\u2019Anvers. Le g\u00e9n\u00e9ral Chass\u00e9, commandant des troupes gouvernementales ordonne \u00e0 ses troupes de se replier dans la forteresse pour \u00e9viter les combats de rues et conclut un cessez-le-feu avec le commandement belge.<\/p>\n\n\n\n<p>Fin octobre, tout le territoire \u00e9tait lib\u00e9r\u00e9 des troupes du Nord, m\u00eame les actuels Limbourg n\u00e9erlandais et grand-duch\u00e9 de Luxembourg, puisqu\u2019il n\u2019existait alors qu\u2019une seule province de Limbourg et, avec un statut compliqu\u00e9, un grand-duch\u00e9 de Luxembourg cr\u00e9\u00e9 en 1815 par le Congr\u00e8s de Vienne (ces deux territoires allaient finalement \u00eatre partag\u00e9s entre la Belgique et le roi grand-duc Guillaume Ier en 1839). Seules les citadelles d\u2019Anvers, de Maastricht et de Luxembourg (cette derni\u00e8re \u00e9tant aux mains d\u2019une garnison prussienne, conform\u00e9ment au statut donn\u00e9 au grand-duch\u00e9 de Luxembourg en 1815) restaient aux mains du gouvernementde Guillaume Ier.<\/p>\n\n\n\n<p>\u00c0 Anvers, les volontaires belges, peu disciplin\u00e9s, ne respect\u00e8rent pas le cessez-le-feu et continu\u00e8rent \u00e0 tirer sur les Hollandais. En repr\u00e9sailles, le duc de Saxe-Weimar ordonna \u00e0 Chass\u00e9 de bombarder la ville depuis la citadelle et les navires ancr\u00e9s dans l\u2019Escaut. Le bombardementdu 27 octobre dura six heures et fit quatre-vingt-cinq morts et beaucoup de d\u00e9g\u00e2ts.<br><strong>Cet \u00e9v\u00e9nement eut un grand retentissement dans le pays et compromit d\u00e9finitivement la maison d\u2019Orange<\/strong>.<\/p>\n\n\n\n<h3 class=\"wp-block-heading\">Cessez-le-feu et Congr\u00e8s national en novembre<\/h3>\n\n\n\n<p>\u00c0 partir de novembre, les positions militaires se consolident et on tente de parvenir \u00e0 un cessez-le-feu. Le 3 novembre se tiennent d\u00e9j\u00e0 des \u00e9lections pour le Congr\u00e8s national. Celui-ci si\u00e8ge pour la premi\u00e8re fois le 10 novembre et confirme huit jours plus tard la d\u00e9claration d\u2019ind\u00e9pendance \u00ab \u00e0 l\u2019exception des relations du Luxembourg avec la Conf\u00e9d\u00e9ration germanique\u00bb. L\u2019ind\u00e9pendance nationale est vot\u00e9e \u00e0 l\u2019unanimit\u00e9. Le 22 novembre, le Congr\u00e8s opte pour la monarchie comme forme de gouvernement et discute de l\u2019opportunit\u00e9 de choisir ou non un Nassau comme souverain. Les d\u00e9put\u00e9s d\u00e9cident ensuite de l\u2019exclusion des membres de la maison d\u2019Orange-Nassau au tr\u00f4ne de Belgique. Cette d\u00e9cision est la cons\u00e9quence du bombardement du 27 octobre 1830 de la ville d\u2019Anvers par les troupes hollandaises.<\/p>\n\n\n\n<h3 class=\"wp-block-heading\">R\u00e9actions internationales et contre-offensive du royaume des Pays-Bas<\/h3>\n\n\n\n<figure class=\"wp-block-image size-full\"><img loading=\"lazy\" decoding=\"async\" width=\"271\" height=\"400\" src=\"https:\/\/rrb.be\/rrb\/wp-content\/uploads\/2025\/12\/revolution-belge-25-aout-1830-21-juillet-1831-5.jpg\" alt=\"\" class=\"wp-image-167\" srcset=\"https:\/\/rrb.be\/rrb\/wp-content\/uploads\/2025\/12\/revolution-belge-25-aout-1830-21-juillet-1831-5.jpg 271w, https:\/\/rrb.be\/rrb\/wp-content\/uploads\/2025\/12\/revolution-belge-25-aout-1830-21-juillet-1831-5-203x300.jpg 203w\" sizes=\"auto, (max-width: 271px) 100vw, 271px\" \/><\/figure>\n\n\n\n<p>Lorsque Louis de Potter et ses coll\u00e8gues d\u00e9clarent l\u2019ind\u00e9pendance de la Belgique depuis le balcon de l\u2019H\u00f4tel de Ville le 28 septembre 1830, Guillaume Ier des Pays-Bas fait appel aux puissances coalis\u00e9es pour maintenir ses pr\u00e9rogatives sur les territoires rebelles.<\/p>\n\n\n\n<p>Les grandes puissances conservatrices (Prusse, Autriche, Russie) sont favorables au maintien, par la force s\u2019il le faut, de la Belgique \u00e0 l\u2019int\u00e9rieur du Royaume des Pays-Bas. Seule la Russie offre une aide militaire aux Pays-Bas, mais \u00e0 partir du 29 novembre 1830 une insurrection \u00e9clate en Pologne et elle ne peut envoyer de troupes \u00e0 Guillaume Ier.<\/p>\n\n\n\n<p>Par ailleurs, le Royaume-Uni craignait que la France annexe la Belgique.<\/p>\n\n\n\n<p><strong>On sait par les m\u00e9moires d\u2019Alexandre Gendebien<\/strong>, membre du gouvernement provisoire, ami de la France mais adversaire du d\u00e9mant\u00e8lement de la Belgique, que Talleyrand avait propos\u00e9 dedonner \u00e0 l\u2019Angleterre la Flandre jusqu\u2019\u00e0 l\u2019Escaut, Anvers inclus, abandonnant \u00e0 la Prusse Li\u00e8ge et le Limbourg, la France annexant tout le reste, c\u2019est-\u00e0-dire les quatre cinqui\u00e8mes de la Wallonie plus Bruxelles, la fronti\u00e8re franco-hollandaise se situant sur le Demer, au nord de Bruxelles. Alexandre Gendebien, absolument oppos\u00e9 \u00e0 la disparition de la Belgique, refusa en \u00e9voquant la menace d\u2019une insurrection g\u00e9n\u00e9rale qui aurait pu se communiquer \u00e0 d\u2019autres peuples dans une Europe en proie \u00e0 divers mouvements populaires, comme en Pologne, qui s\u2019\u00e9tait soulev\u00e9e contre l\u2019annexion \u00e0 la Russie en cette m\u00eame ann\u00e9e 1830, et en France o\u00f9 l\u2019agitation ouvri\u00e8ren \u00e9e des journ\u00e9es de juillet ne s\u2019\u00e9tait pas encore apais\u00e9e. D\u00e9j\u00e0, depuis Bruxelles, le ministre lib\u00e9ral anglais Ponsonby venu en d\u00e9l\u00e9gation, avait fait savoir \u00e0 Londres quel probl\u00e8me l\u2019Europe risquait de se mettre sur les bras si l\u2019on se laissait s\u00e9duire par des plans imp\u00e9rialistes ressuscitant les vieilles ambitions des monarchies d\u2019ancien r\u00e9gime.<\/p>\n\n\n\n<p>D\u00e8s lors, les choses ne tra\u00eenent pas. Le 20 janvier 1831, les grandes puissances r\u00e9unies \u00e0 Londres, constatant la victoire belge, se r\u00e9solvent \u00e0 ent\u00e9riner la volont\u00e9 d\u2019ind\u00e9pendance des r\u00e9volutionnaires. Le protocole de la conf\u00e9rence de Londres jette la base d\u2019une s\u00e9paration de l aBelgique et des Pays-Bas, en laissant \u00e0 ces derniers une partie du Limbourg et \u00e0 Guillaume Ier ,roi grand-duc, le grand-duch\u00e9 de Luxembourg tout entier. Le Congr\u00e8s national rejette ceprotocole.<\/p>\n\n\n\n<p>Lorsque le Congr\u00e8s national belge choisit, le 3 f\u00e9vrier 1831, par une faible majorit\u00e9 le duc de Nemours Louis d\u2019Orl\u00e9ans, un des fils du roi des Fran\u00e7ais, pour devenir roi des Belges, son p\u00e8re Louis-Philippe refuse l\u2019offre, craignant de d\u00e9clencher une guerre europ\u00e9enne dans laquelle la France serait isol\u00e9e. Le refus fran\u00e7ais avait \u00e9galement des motivations \u00e9conomiques : le d\u00e9put\u00e9 Laurent Cunin-Gridaine avait prononc\u00e9 devant la Chambre le 28 janvier 1831 un discours dans lequel il d\u00e9non\u00e7ait le danger que ferait courir \u00e0 l\u2019industrie fran\u00e7aise l\u2019absence de barri\u00e8re douani\u00e8re entre la Belgique et la France, la Belgique ayant abord\u00e9 en force la premi\u00e8re r\u00e9volution industrielle, notamment avec les investissements de l\u2019Anglais John Cockerill dans l\u2019industrie du fer.<\/p>\n\n\n\n<p>\u00c0 la suite du refus de Louis-Philippe de permettre \u00e0 son fils de monter sur le tr\u00f4ne de Belgique, le Congr\u00e8s \u00e9lit un r\u00e9gent : Surlet de Chokier. Celui-ci forme un premier gouvernement, form\u00e9 exclusivement de personnalit\u00e9s lib\u00e9rales, \u00e0 l\u2019exception de celui qu\u2019\u00e0 l\u2019\u00e9poque on appelle le chef du cabinet, c\u2019est-\u00e0-dire celui que l\u2019on appellera plus tard le Premier ministre. C\u2019est le catholique \u00c9tienne de Gerlache. Ce dernier, attaqu\u00e9 par les lib\u00e9raux, d\u00e9missionne apr\u00e8s quelques jours. Surlet de Chokier demande alors \u00e0 \u00c9tienne de Sauvage de former un nouveau gouvernement. Celui-ci fait appel \u00e0 Joseph Lebeau et Paul Devaux, deux personnalit\u00e9s qui s\u2019\u00e9taient distingu\u00e9es par leur opposition \u00e0 la candidature du duc de Nemours, c\u2019est-\u00e0-dire contre une politique ext\u00e9rieure exclusivement fran\u00e7aise. Ce fut Lebeau qui assura la direction effective de la politique de la jeune Belgique jusqu\u2019au 21 juillet.<\/p>\n\n\n\n<p>Comme il s\u2019agit toujours de trouver un roi, Paul Devaux sugg\u00e8re&nbsp;<strong>L\u00e9opold de Saxe-Cobourg-Gotha<\/strong>, un prince anglo-allemand. Ce choix recueille imm\u00e9diatement les faveurs de Lord Palmerston, alors secr\u00e9taire d\u2019\u00c9tat au Foreign Office. Celui-ci fait savoir \u00e0 Lebeau que la Belgique pourrait peut-\u00eatre racheter le Luxembourg si L\u00e9opold est \u00e9lu roi des Belges. Joseph Lebeau obtient alors facilement du Congr\u00e8s l\u2019\u00e9lection du prince de Saxe-Cobourg-Gotha (il est \u00e9lu avec 152 votes sur 196), malgr\u00e9 sa m\u00e9connaissance des diff\u00e9rents parlers en usage en Belgique (fran\u00e7ais, dialectes romans et dialectes thiois) et sa religion protestante.<\/p>\n\n\n\n<p>L\u00e9opold n\u2019accepte pas imm\u00e9diatement la couronne. Il exige que la Belgique trouve d\u2019abord un compromis au sujet du Limbourg et du Luxembourg avec les puissances r\u00e9unies au sein de la conf\u00e9rence de Londres. Lebeau envoie alors \u00e0 Londres une d\u00e9l\u00e9gation charg\u00e9e d\u2019offrir officiellement la couronne \u00e0 L\u00e9opold Ier et de n\u00e9gocier avec les puissances une r\u00e9vision du protocole de Londres. \u00c0 la suite de ces n\u00e9gociations, ces derni\u00e8res publient le 26 juin 1831 le trait\u00e9 des XVIII articles, plus avantageux pour la Belgique que le protocole de Londres.<\/p>\n\n\n\n<p>L\u00e9opold de Saxe-Cobourg-Gotha r\u00e9clame que le Congr\u00e8s national ratifie le trait\u00e9. Joseph Lebeau d\u00e9fend longuement la ratification devant l\u2019assembl\u00e9e et l\u2019obtient le 9 juillet. L\u00e9opold accepte alors la couronne, rejoint la Belgique et devient le premier roi des Belges sous le nom de L\u00e9opold Ier enpr\u00eatant serment le 21 juillet 1831 sur la place Royale. Un minist\u00e8re rassemblant catholiques et lib\u00e9raux, pr\u00e9sid\u00e9 par F\u00e9lix De Muelenaere, est constitu\u00e9.<\/p>\n\n\n\n<p>Rassur\u00e9 sur la p\u00e9rennit\u00e9 de l\u2019ind\u00e9pendance de la Belgique, notamment gr\u00e2ce \u00e0 l\u2019\u00e9lection de L\u00e9opold de Saxe-Cobourg-Gotha au tr\u00f4ne de Belgique, le gouvernement britannique de Lord Palmerston ent\u00e9rine d\u00e9finitivement le maintien de la Belgique comme \u00c9tat ind\u00e9pendant et perp\u00e9tuellement neutre. Les autres grandes puissances se rallient progressivement \u00e0 cetteposition.<\/p>\n\n\n\n<h3 class=\"wp-block-heading\">La campagne des Dix-Jours<\/h3>\n\n\n\n<figure class=\"wp-block-image size-full\"><img loading=\"lazy\" decoding=\"async\" width=\"600\" height=\"416\" src=\"https:\/\/rrb.be\/rrb\/wp-content\/uploads\/2025\/12\/revolution-belge-25-aout-1830-21-juillet-1831-6.jpg\" alt=\"\" class=\"wp-image-168\" srcset=\"https:\/\/rrb.be\/rrb\/wp-content\/uploads\/2025\/12\/revolution-belge-25-aout-1830-21-juillet-1831-6.jpg 600w, https:\/\/rrb.be\/rrb\/wp-content\/uploads\/2025\/12\/revolution-belge-25-aout-1830-21-juillet-1831-6-300x208.jpg 300w\" sizes=\"auto, (max-width: 600px) 100vw, 600px\" \/><\/figure>\n\n\n\n<p>Guillaume Ier n\u2019accepte pas cette situation. Le 2 ao\u00fbt 1831, l\u2019arm\u00e9e n\u00e9erlandaise marche sur Bruxelles, ne rencontrant qu\u2019une r\u00e9sistance d\u00e9cousue de la part d\u2019une jeune arm\u00e9e belge en pleine formation. Il ne s\u2019agit plus de gu\u00e9rilla des campagnes et de combats de rues. Les Belge sont en face d\u2019eux une arm\u00e9e r\u00e9guli\u00e8re avec des g\u00e9n\u00e9raux exp\u00e9riment\u00e9s issus des arm\u00e9es de Napol\u00e9on qui font manoeuvrer leurs troupes en rangs serr\u00e9s sous une forte couverture d\u2019artillerie.<\/p>\n\n\n\n<p>Il en r\u00e9sulte la campagne des Dix-Jours au terme de laquelle les Hollandais menacent Bruxelles. Mais un corps de volontaires du Limbourg, command\u00e9 par de Brouck\u00e8re, un bourgeois limbourgeois des environs imm\u00e9diats de Maastricht, menace leurs arri\u00e8res en attaquant leurs communications et leurs approvisionnements, tandis qu\u2019une arm\u00e9e fran\u00e7aise, baptis\u00e9e Arm\u00e9e du Nord, sous le commandement du mar\u00e9chal fran\u00e7ais \u00c9tienne Maurice G\u00e9rard, franchit la fronti\u00e8re le 10 ao\u00fbt et marche sur eux.<\/p>\n\n\n\n<p>L\u2019\u00e9tat-major hollandais retire alors ses troupes qui se trouvaient d\u00e9j\u00e0 devant Louvain. Retranch\u00e9s dans la forteresse d\u2019Anvers, les Hollandais n\u00e9gocient un cessez-le-feu avec le gouvernement provisoire. Mais des \u00e9changes de coups de feu ont lieu entre les volontaires belges et les soldats hollandais. Pour r\u00e9pondre \u00e0 ce qu\u2019il d\u00e9nonce comme des provocations, le g\u00e9n\u00e9ral Chass\u00e9 fait bombarder la ville, ce qui entra\u00eene des centaines de morts civils et ach\u00e8ve de soulever la population contre les Pays-Bas, nouvelle erreur strat\u00e9gique des hollandais.<\/p>\n\n\n\n<h3 class=\"wp-block-heading\">Retrait d\u00e9finitif des Pays-Bas et trait\u00e9 de paix<\/h3>\n\n\n\n<p>Les Hollandais s\u2019obstinent \u00e0 tenir la forteresse d\u2019Anvers et, en cons\u00e9quence, le roi L\u00e9opold Ier, recourant \u00e0 la garantie des puissances, demande une deuxi\u00e8me intervention fran\u00e7aise. Un nouveau si\u00e8ge d\u2019Anvers commence le 30 novembre. Mais le souvenir de la r\u00e9volution braban\u00e7onne de 1789 est toujours vivace parmi les hommes politiques belges, surtout catholiques, qui se souviennent des lib\u00e9raux bruxellois qui, \u00e0 l\u2019\u00e9poque, avaient disput\u00e9 le pouvoir au parti dit \u00ab de l\u2019ordre \u00bb au profit d\u2019une transformation profonde des institutions. Chez les Fran\u00e7ais, la r\u00e9action est la m\u00eame s\u2019agissant du souvenir des d\u00e9bordements populaires de la r\u00e9volution fran\u00e7aise. Aussi, les volontaires belges, qui composent une partie de la nouvellearm\u00e9e nationale, se voient-ils interdire de participer au si\u00e8ge de peur que leur participation fortifie l\u2019esprit r\u00e9volutionnaire. La cons\u00e9quence inattendue et b\u00e9n\u00e9fique de cet interdit est queles volontaires s\u2019en vont grossir les rangs de la nouvelle arm\u00e9e belge, ce qui contribue \u00e0 la d\u00e9fense victorieuse des digues de Doel contre les Hollandais qui menacent de les d\u00e9truire dans le but d\u2019inonder la campagne autour d\u2019Anvers.<\/p>\n\n\n\n<p>Finalement, l\u2019arm\u00e9e hollandaise de forteresse se rend le 23 d\u00e9cembre. Prisonniers, les Hollandais seront lib\u00e9r\u00e9s en 1833, mais il faut encore attendre 1839 pour que les Pays-Bas reconnaissent l\u2019ind\u00e9pendance de la Belgique, par le trait\u00e9 des XXIV articles. \u00c0 ce moment, la Belgique fut oblig\u00e9e de laisser au roi grand-duc Guillaume Ier une moiti\u00e9 de la province de Limbourg ainsi que la moiti\u00e9 orientale du grand-duch\u00e9 de Luxembourg. Il fallut aussi accepter la fermeture de l\u2019Escaut mod\u00e9r\u00e9e par un p\u00e9age qui perdura jusqu\u2019\u00e0 ce que le ministre Charles Rogier, un des chefs r\u00e9volutionnaires de 1830 devenu premier ministre, conclue un accord de rachat forfaitaire du droit de p\u00e9age, en 1863.<\/p>\n\n\n\n<p>Par Alain Schenkels<\/p>\n\n\n\n<figure data-wp-context=\"{&quot;imageId&quot;:&quot;69f0d9bb29e53&quot;}\" data-wp-interactive=\"core\/image\" data-wp-key=\"69f0d9bb29e53\" class=\"wp-block-image size-full is-resized wp-lightbox-container\"><img loading=\"lazy\" decoding=\"async\" width=\"728\" height=\"1006\" data-wp-class--hide=\"state.isContentHidden\" data-wp-class--show=\"state.isContentVisible\" data-wp-init=\"callbacks.setButtonStyles\" data-wp-on--click=\"actions.showLightbox\" data-wp-on--load=\"callbacks.setButtonStyles\" data-wp-on-window--resize=\"callbacks.setButtonStyles\" src=\"http:\/\/rrb.be\/rrb\/wp-content\/uploads\/2025\/12\/Alain_Schenkels.jpg\" alt=\"\" class=\"wp-image-25\" style=\"width:198px;height:auto\" srcset=\"https:\/\/rrb.be\/rrb\/wp-content\/uploads\/2025\/12\/Alain_Schenkels.jpg 728w, https:\/\/rrb.be\/rrb\/wp-content\/uploads\/2025\/12\/Alain_Schenkels-217x300.jpg 217w\" sizes=\"auto, (max-width: 728px) 100vw, 728px\" \/><button\n\t\t\tclass=\"lightbox-trigger\"\n\t\t\ttype=\"button\"\n\t\t\taria-haspopup=\"dialog\"\n\t\t\taria-label=\"Enlarge\"\n\t\t\tdata-wp-init=\"callbacks.initTriggerButton\"\n\t\t\tdata-wp-on--click=\"actions.showLightbox\"\n\t\t\tdata-wp-style--right=\"state.imageButtonRight\"\n\t\t\tdata-wp-style--top=\"state.imageButtonTop\"\n\t\t>\n\t\t\t<svg xmlns=\"http:\/\/www.w3.org\/2000\/svg\" width=\"12\" height=\"12\" fill=\"none\" viewBox=\"0 0 12 12\">\n\t\t\t\t<path fill=\"#fff\" d=\"M2 0a2 2 0 0 0-2 2v2h1.5V2a.5.5 0 0 1 .5-.5h2V0H2Zm2 10.5H2a.5.5 0 0 1-.5-.5V8H0v2a2 2 0 0 0 2 2h2v-1.5ZM8 12v-1.5h2a.5.5 0 0 0 .5-.5V8H12v2a2 2 0 0 1-2 2H8Zm2-12a2 2 0 0 1 2 2v2h-1.5V2a.5.5 0 0 0-.5-.5H8V0h2Z\" \/>\n\t\t\t<\/svg>\n\t\t<\/button><\/figure>\n\n\n\n<figure class=\"wp-block-embed is-type-wp-embed is-provider-alain-schenkels wp-block-embed-alain-schenkels\"><div class=\"wp-block-embed__wrapper\">\n<blockquote class=\"wp-embedded-content\" data-secret=\"EEV3hz0pBx\"><a href=\"https:\/\/rrb.be\/rrb\/histoire-de-la-belgique\/\">Histoire de la Belgique<\/a><\/blockquote><iframe loading=\"lazy\" class=\"wp-embedded-content\" sandbox=\"allow-scripts\" security=\"restricted\" style=\"position: absolute; visibility: hidden;\" title=\"\u00ab\u00a0Histoire de la Belgique\u00a0\u00bb &#8212; Alain Schenkels\" src=\"https:\/\/rrb.be\/rrb\/histoire-de-la-belgique\/embed\/#?secret=XeEkQsOyFM#?secret=EEV3hz0pBx\" data-secret=\"EEV3hz0pBx\" width=\"600\" height=\"338\" frameborder=\"0\" marginwidth=\"0\" marginheight=\"0\" scrolling=\"no\"><\/iframe>\n<\/div><\/figure>\n","protected":false},"excerpt":{"rendered":"<p>La R\u00e9volution belge de 1830 C&rsquo;est la r\u00e9volte, contre le roi des Pays-Bas Guillaume Ier, deplusieurs provinces du Sud du royaume (donc la Belgique actuelle augment\u00e9e du Limbourg Hollandais), suivie de leur s\u00e9cession. \u00c0 la suite de l\u2019implication des nations voisines, elle mena \u00e0 la scission du royaume et \u00e0 l\u2019ind\u00e9pendance de la Belgique proclam\u00e9e [&hellip;]<\/p>\n","protected":false},"author":1,"featured_media":163,"comment_status":"closed","ping_status":"closed","sticky":false,"template":"","format":"standard","meta":{"footnotes":""},"categories":[4,9,22],"tags":[],"class_list":["post-162","post","type-post","status-publish","format-standard","has-post-thumbnail","hentry","category-belgique","category-histoire","category-revolution-belge"],"_links":{"self":[{"href":"https:\/\/rrb.be\/rrb\/wp-json\/wp\/v2\/posts\/162","targetHints":{"allow":["GET"]}}],"collection":[{"href":"https:\/\/rrb.be\/rrb\/wp-json\/wp\/v2\/posts"}],"about":[{"href":"https:\/\/rrb.be\/rrb\/wp-json\/wp\/v2\/types\/post"}],"author":[{"embeddable":true,"href":"https:\/\/rrb.be\/rrb\/wp-json\/wp\/v2\/users\/1"}],"replies":[{"embeddable":true,"href":"https:\/\/rrb.be\/rrb\/wp-json\/wp\/v2\/comments?post=162"}],"version-history":[{"count":2,"href":"https:\/\/rrb.be\/rrb\/wp-json\/wp\/v2\/posts\/162\/revisions"}],"predecessor-version":[{"id":2680,"href":"https:\/\/rrb.be\/rrb\/wp-json\/wp\/v2\/posts\/162\/revisions\/2680"}],"wp:featuredmedia":[{"embeddable":true,"href":"https:\/\/rrb.be\/rrb\/wp-json\/wp\/v2\/media\/163"}],"wp:attachment":[{"href":"https:\/\/rrb.be\/rrb\/wp-json\/wp\/v2\/media?parent=162"}],"wp:term":[{"taxonomy":"category","embeddable":true,"href":"https:\/\/rrb.be\/rrb\/wp-json\/wp\/v2\/categories?post=162"},{"taxonomy":"post_tag","embeddable":true,"href":"https:\/\/rrb.be\/rrb\/wp-json\/wp\/v2\/tags?post=162"}],"curies":[{"name":"wp","href":"https:\/\/api.w.org\/{rel}","templated":true}]}}