{"id":1572,"date":"2025-12-07T11:11:00","date_gmt":"2025-12-07T11:11:00","guid":{"rendered":"https:\/\/rrb.be\/rrb\/?p=1572"},"modified":"2026-01-11T11:19:10","modified_gmt":"2026-01-11T11:19:10","slug":"israel-iran-deux-poids-deux-mesures","status":"publish","type":"post","link":"https:\/\/rrb.be\/rrb\/israel-iran-deux-poids-deux-mesures\/","title":{"rendered":"Isra\u00ebl-Iran : Deux poids, deux mesures"},"content":{"rendered":"\n<p>Carte blanche publi\u00e9e dans <a href=\"https:\/\/www.21news.be\/deux-poids-deux-mesures-carte-blanche\/\" target=\"_blank\" rel=\"noreferrer noopener\">21News<\/a><\/p>\n\n\n\n<p><strong>Il y a des indignations qui sonnent creux. Tandis que les Pays-Bas, l\u2019Espagne, l\u2019Irlande ou la Slov\u00e9nie annoncent leur boycott de l\u2019Eurovision \u00e0 cause de la pr\u00e9sence d\u2019Isra\u00ebl \u2013 pays d\u00e9mocratique, faut-il encore le rappeler \u2013, d\u2019autres s\u2019en prennent au gouvernement belge pour oser participer \u00e0 ce concours musical. Et tout cela pendant que, ironie du calendrier, la Belgique d\u00e9couvre son adversaire iranien pour la prochaine Coupe du Monde de football. L\u00e0, plus personne ne s\u2019indigne. Pas un mot, pas un geste, pas un appel au boycott. Le deux poids deux mesures saute aux yeux.<\/strong><\/p>\n\n\n\n<p>O\u00f9 sont pass\u00e9es les grandes \u00e2mes offens\u00e9es\u202f? O\u00f9 sont les p\u00e9titions enflamm\u00e9es, les tribunes s\u2019indignant de la pr\u00e9sence d\u2019un r\u00e9gime qui pend ses opposants, qui assassine les femmes pour un voile mal mis et qui b\u00e2illonne toute contestation\u202f? L\u2019Iran, dictature islamiste, pourra fouler les pelouses des stades avec les honneurs dus \u00e0 un \u00c9tat \u00ab\u202frespectable\u202f\u00bb, pendant qu\u2019Isra\u00ebl, seule d\u00e9mocratie du Moyen-Orient, serait devenu indigne de chanter une chanson. Cherchez l\u2019erreur\u2026<\/p>\n\n\n\n<p>Soyons clairs, le sport comme la musique doivent rester des espaces apolitiques, des moments o\u00f9 les peuples se rencontrent malgr\u00e9 leurs diff\u00e9rends. Mais ceux qui appellent aujourd\u2019hui \u00e0 exclure Isra\u00ebl de tout \u00e9v\u00e9nement international ne d\u00e9fendent pas la paix, ils pratiquent un boycott s\u00e9lectif, nourri d\u2019une hostilit\u00e9 qui ne dit plus son nom.<\/p>\n\n\n\n<p>Depuis le 7\u202foctobre\u202f2023, le masque est tomb\u00e9. L\u2019antis\u00e9mitisme, ce vieux d\u00e9mon europ\u00e9en, s\u2019est r\u00e9veill\u00e9 avec une fureur in\u00e9dite. Dans les rues, sur les r\u00e9seaux, jusque dans certaines instances politiques, la haine des Juifs s\u2019exprime d\u00e9sormais sans honte. Les agressions, les insultes, les manifestations pro-Hamas, m\u00eame au c\u0153ur du March\u00e9 de No\u00ebl de Bruxelles, le prouvent. Et \u00e0 chaque fois, les m\u00eames silences, les m\u00eames indignations \u00ab\u202fs\u00e9lectives\u202f\u00bb.<\/p>\n\n\n\n<p>Ce retour du deux poids deux mesures moral est indigne de nos d\u00e9mocraties. Quand on condamne, cela doit s\u2019appliquer \u00e0 tous. Quand on s\u00e9pare le sport de la politique, qu\u2019on le fasse sans exception.<\/p>\n\n\n\n<p>Et surtout, quand on pr\u00e9tend d\u00e9fendre les droits de l\u2019homme, qu\u2019on cesse de trier bons et mauvais coupables. L\u2019honn\u00eatet\u00e9 n\u2019est pas une posture morale, c\u2019est la condition premi\u00e8re de toute justice. Boycotter, exclure ou censurer au nom de la morale revient pr\u00e9cis\u00e9ment \u00e0 nier cet id\u00e9al. La culture, le sport et la musique doivent rassembler les peuples, non les punir\u202f; refuser le boycott, c\u2019est encore croire en ce lien qui unit les hommes au-del\u00e0 de leurs d\u00e9saccords, car d\u00e8s qu\u2019on transforme la sc\u00e8ne ou le stade en tribunal, ce n\u2019est plus la justice qu\u2019on d\u00e9fend, mais une id\u00e9ologie qui choisit ses ennemis.<\/p>\n\n\n\n<p>Par Alain Schenkels<\/p>\n\n\n\n<figure data-wp-context=\"{&quot;imageId&quot;:&quot;69f0c797b4815&quot;}\" data-wp-interactive=\"core\/image\" data-wp-key=\"69f0c797b4815\" class=\"wp-block-image size-full is-resized wp-lightbox-container\"><img loading=\"lazy\" decoding=\"async\" width=\"728\" height=\"1006\" data-wp-class--hide=\"state.isContentHidden\" data-wp-class--show=\"state.isContentVisible\" data-wp-init=\"callbacks.setButtonStyles\" data-wp-on--click=\"actions.showLightbox\" data-wp-on--load=\"callbacks.setButtonStyles\" data-wp-on-window--resize=\"callbacks.setButtonStyles\" src=\"http:\/\/rrb.be\/rrb\/wp-content\/uploads\/2025\/12\/Alain_Schenkels-1.jpg\" alt=\"\" class=\"wp-image-329\" style=\"aspect-ratio:0.7236679058240396;width:255px;height:auto\" srcset=\"https:\/\/rrb.be\/rrb\/wp-content\/uploads\/2025\/12\/Alain_Schenkels-1.jpg 728w, https:\/\/rrb.be\/rrb\/wp-content\/uploads\/2025\/12\/Alain_Schenkels-1-217x300.jpg 217w\" sizes=\"auto, (max-width: 728px) 100vw, 728px\" \/><button\n\t\t\tclass=\"lightbox-trigger\"\n\t\t\ttype=\"button\"\n\t\t\taria-haspopup=\"dialog\"\n\t\t\taria-label=\"Enlarge\"\n\t\t\tdata-wp-init=\"callbacks.initTriggerButton\"\n\t\t\tdata-wp-on--click=\"actions.showLightbox\"\n\t\t\tdata-wp-style--right=\"state.imageButtonRight\"\n\t\t\tdata-wp-style--top=\"state.imageButtonTop\"\n\t\t>\n\t\t\t<svg xmlns=\"http:\/\/www.w3.org\/2000\/svg\" width=\"12\" height=\"12\" fill=\"none\" viewBox=\"0 0 12 12\">\n\t\t\t\t<path fill=\"#fff\" d=\"M2 0a2 2 0 0 0-2 2v2h1.5V2a.5.5 0 0 1 .5-.5h2V0H2Zm2 10.5H2a.5.5 0 0 1-.5-.5V8H0v2a2 2 0 0 0 2 2h2v-1.5ZM8 12v-1.5h2a.5.5 0 0 0 .5-.5V8H12v2a2 2 0 0 1-2 2H8Zm2-12a2 2 0 0 1 2 2v2h-1.5V2a.5.5 0 0 0-.5-.5H8V0h2Z\" \/>\n\t\t\t<\/svg>\n\t\t<\/button><\/figure>\n\n\n\n<h2 class=\"wp-block-heading\">R\u00e9f\u00e9rences : <\/h2>\n\n\n\n<ul class=\"wp-block-list\">\n<li>Carte blanche publi\u00e9e dans <a href=\"https:\/\/www.21news.be\/deux-poids-deux-mesures-carte-blanche\/\" target=\"_blank\" rel=\"noreferrer noopener\">21News<\/a><\/li>\n\n\n\n<li>Texte original : Alain Schenkels<\/li>\n<\/ul>\n","protected":false},"excerpt":{"rendered":"<p>Carte blanche publi\u00e9e dans 21News Il y a des indignations qui sonnent creux. Tandis que les Pays-Bas, l\u2019Espagne, l\u2019Irlande ou la Slov\u00e9nie annoncent leur boycott de l\u2019Eurovision \u00e0 cause de la pr\u00e9sence d\u2019Isra\u00ebl \u2013 pays d\u00e9mocratique, faut-il encore le rappeler \u2013, d\u2019autres s\u2019en prennent au gouvernement belge pour oser participer \u00e0 ce concours musical. Et [&hellip;]<\/p>\n","protected":false},"author":1,"featured_media":1573,"comment_status":"closed","ping_status":"open","sticky":false,"template":"","format":"standard","meta":{"footnotes":""},"categories":[13],"tags":[],"class_list":["post-1572","post","type-post","status-publish","format-standard","has-post-thumbnail","hentry","category-carte-blanche"],"_links":{"self":[{"href":"https:\/\/rrb.be\/rrb\/wp-json\/wp\/v2\/posts\/1572","targetHints":{"allow":["GET"]}}],"collection":[{"href":"https:\/\/rrb.be\/rrb\/wp-json\/wp\/v2\/posts"}],"about":[{"href":"https:\/\/rrb.be\/rrb\/wp-json\/wp\/v2\/types\/post"}],"author":[{"embeddable":true,"href":"https:\/\/rrb.be\/rrb\/wp-json\/wp\/v2\/users\/1"}],"replies":[{"embeddable":true,"href":"https:\/\/rrb.be\/rrb\/wp-json\/wp\/v2\/comments?post=1572"}],"version-history":[{"count":2,"href":"https:\/\/rrb.be\/rrb\/wp-json\/wp\/v2\/posts\/1572\/revisions"}],"predecessor-version":[{"id":1575,"href":"https:\/\/rrb.be\/rrb\/wp-json\/wp\/v2\/posts\/1572\/revisions\/1575"}],"wp:featuredmedia":[{"embeddable":true,"href":"https:\/\/rrb.be\/rrb\/wp-json\/wp\/v2\/media\/1573"}],"wp:attachment":[{"href":"https:\/\/rrb.be\/rrb\/wp-json\/wp\/v2\/media?parent=1572"}],"wp:term":[{"taxonomy":"category","embeddable":true,"href":"https:\/\/rrb.be\/rrb\/wp-json\/wp\/v2\/categories?post=1572"},{"taxonomy":"post_tag","embeddable":true,"href":"https:\/\/rrb.be\/rrb\/wp-json\/wp\/v2\/tags?post=1572"}],"curies":[{"name":"wp","href":"https:\/\/api.w.org\/{rel}","templated":true}]}}