{"id":1568,"date":"2025-07-18T11:04:00","date_gmt":"2025-07-18T11:04:00","guid":{"rendered":"https:\/\/rrb.be\/rrb\/?p=1568"},"modified":"2026-02-05T11:43:35","modified_gmt":"2026-02-05T11:43:35","slug":"21-juillet-pourquoi-faire-disparaitre-les-visages-des-soldats-du-defile","status":"publish","type":"post","link":"https:\/\/rrb.be\/rrb\/21-juillet-pourquoi-faire-disparaitre-les-visages-des-soldats-du-defile\/","title":{"rendered":"21 juillet : pourquoi faire dispara\u00eetre les visages des soldats du d\u00e9fil\u00e9 ?"},"content":{"rendered":"\n<p><strong>Masquer nos militaires lors de la parade officielle de la F\u00eate nationale envoie un signal d\u2019impuissance \u00e0 ceux qui veulent nous nuire. Une opinion d\u2019Alain Schenkels, dirigeant d\u2019entreprise<\/strong>.<\/p>\n\n\n\n<p><strong><a href=\"https:\/\/www.21news.be\/21-juillet-pourquoi-faire-disparaitre-les-visages-des-soldats-du-defile\/\" target=\"_blank\" rel=\"noreferrer noopener\">Lien vers la carte blanche dans 21News<\/a><\/strong><\/p>\n\n\n\n<p>Pour tout militaire, participer au d\u00e9fil\u00e9 du 21 juillet et marcher devant la population et la famille royale est un honneur. Cette fiert\u00e9 se voit aujourd\u2019hui compromise. Pour des raisons de s\u00e9curit\u00e9, il leur sera interdit de d\u00e9filer \u00e0 visage d\u00e9couvert. \u00ab Une seule photo suffit \u00e0 d\u00e9terminer l\u2019identit\u00e9 d\u2019un soldat et, ainsi, celle de sa famille. \u00bb Mais qu\u2019en est-il des policiers et des autres corps pr\u00e9sents qui, eux, d\u00e9fileront \u00e0 visage d\u00e9couvert ? Un d\u00e9fil\u00e9 o\u00f9 tous les visages de nos soldats sont masqu\u00e9s est-il toujours un v\u00e9ritable d\u00e9fil\u00e9 militaire ? Comment se fait-il qu\u2019en France, lors du d\u00e9fil\u00e9 de ce 14 juillet, les militaires n\u2019\u00e9taient pas contraints de masquer leur identit\u00e9 ?<\/p>\n\n\n\n<p>Cette d\u00e9cision, prise dans un contexte de menace croissante me pose des questions sur l\u2019\u00e9quilibre entre s\u00e9curit\u00e9 et tradition. Le d\u00e9fil\u00e9 militaire n\u2019est pas un simple protocole, il est la manifestation publique de l\u2019engagement des forces arm\u00e9es, de leur visibilit\u00e9 et de leur lien symbolique avec la nation. Cacher les visages, c\u2019est rompre avec cette volont\u00e9 de proximit\u00e9 et de reconnaissance, c\u2019est rendre anonyme ce qui, historiquement, revendique la dignit\u00e9, le courage et l\u2019appartenance.<\/p>\n\n\n\n<p>Si l\u2019on ne peut plus montrer les soldats au nom de leur s\u00e9curit\u00e9, cela n\u2019envoie-t-il pas un signal d\u2019impuissance aux \u00ab ennemis \u00bb que nous pr\u00e9tendons dissuader ? Cette mesure traduit-elle une adaptation raisonnable \u00e0 un contexte mena\u00e7ant ou bien une capitulation de l\u2019image de nos arm\u00e9es face \u00e0 des pressions devenues incontr\u00f4lables ?<\/p>\n\n\n\n<p>Par ailleurs, cette diff\u00e9rence de traitement entre la Belgique et la France m\u2019interpelle. Chez nos voisins, les soldats ont d\u00e9fil\u00e9 ce 14 juillet fi\u00e8rement, sans masque ni restriction visible. Cela signifie-t-il que la Belgique aurait un niveau de menace sup\u00e9rieur ? Certes non. Les principes de libert\u00e9, de visibilit\u00e9, et de fiert\u00e9 militaire y sont-ils interpr\u00e9t\u00e9s diff\u00e9remment ? Cela pose la question d\u2019une harmonisation europ\u00e9enne, tant en mati\u00e8re de politiques s\u00e9curitaires que de c\u00e9r\u00e9monies publiques.<\/p>\n\n\n\n<p>Enfin, il y a une dimension humaine qu\u2019il ne faut pas n\u00e9gliger. Chaque soldat qui d\u00e9file \u00e0 visage d\u00e9couvert offre une part de lui-m\u00eame \u00e0 la nation. C\u2019est une mani\u00e8re de dire \u00ab je suis l\u00e0, au service de mon pays \u00bb, non dans l\u2019anonymat, mais dans la reconnaissance. Masquer ces visages, c\u2019est aussi occulter leur engagement. Est-ce respectueux vis-\u00e0-vis de ces femmes et de ces hommes qui d\u00e9fileront ce 21 juillet ?<\/p>\n\n\n\n<p>La s\u00e9curit\u00e9 est imp\u00e9rative, certes. Mais la r\u00e9ponse doit-elle \u00eatre de les effacer du regard public ? Un pays qui ne peut plus montrer ses d\u00e9fenseurs peut-il encore vraiment se montrer fort ? Au-del\u00e0 des questions de s\u00e9curit\u00e9, pr\u00e9server la fiert\u00e9 des soldats passe par la reconnaissance visible de leur engagement. D\u00e9filer \u00e0 visage d\u00e9couvert, ce n\u2019est pas qu\u2019une tradition fig\u00e9e, mais c\u2019est le t\u00e9moignage concret de leur courage et de leur attachement \u00e0 la nation. Les masquer, c\u2019est nier une part de cette fiert\u00e9 et rompre ce lien pr\u00e9cieux entre les militaires et les citoyens qu\u2019ils prot\u00e8gent. Prot\u00e9ger nos soldats ne doit pas signifier les cacher, mais plut\u00f4t leur garantir les conditions pour d\u00e9filer avec dignit\u00e9 et confiance.<\/p>\n\n\n\n<p>C\u2019est en montrant ces visages fiers et d\u00e9cid\u00e9s que la nation tout enti\u00e8re peut continuer \u00e0 s\u2019identifier \u00e0 ses forces arm\u00e9es.<\/p>\n\n\n\n<p>Par Alain Schenkels<\/p>\n\n\n\n<figure data-wp-context=\"{&quot;imageId&quot;:&quot;69f0c790b1754&quot;}\" data-wp-interactive=\"core\/image\" data-wp-key=\"69f0c790b1754\" class=\"wp-block-image size-full is-resized wp-lightbox-container\"><img loading=\"lazy\" decoding=\"async\" width=\"728\" height=\"1006\" data-wp-class--hide=\"state.isContentHidden\" data-wp-class--show=\"state.isContentVisible\" data-wp-init=\"callbacks.setButtonStyles\" data-wp-on--click=\"actions.showLightbox\" data-wp-on--load=\"callbacks.setButtonStyles\" data-wp-on-window--resize=\"callbacks.setButtonStyles\" src=\"http:\/\/rrb.be\/rrb\/wp-content\/uploads\/2025\/12\/Alain_Schenkels-1.jpg\" alt=\"\" class=\"wp-image-329\" style=\"aspect-ratio:0.7236825450402936;width:246px;height:auto\" srcset=\"https:\/\/rrb.be\/rrb\/wp-content\/uploads\/2025\/12\/Alain_Schenkels-1.jpg 728w, https:\/\/rrb.be\/rrb\/wp-content\/uploads\/2025\/12\/Alain_Schenkels-1-217x300.jpg 217w\" sizes=\"auto, (max-width: 728px) 100vw, 728px\" \/><button\n\t\t\tclass=\"lightbox-trigger\"\n\t\t\ttype=\"button\"\n\t\t\taria-haspopup=\"dialog\"\n\t\t\taria-label=\"Enlarge\"\n\t\t\tdata-wp-init=\"callbacks.initTriggerButton\"\n\t\t\tdata-wp-on--click=\"actions.showLightbox\"\n\t\t\tdata-wp-style--right=\"state.imageButtonRight\"\n\t\t\tdata-wp-style--top=\"state.imageButtonTop\"\n\t\t>\n\t\t\t<svg xmlns=\"http:\/\/www.w3.org\/2000\/svg\" width=\"12\" height=\"12\" fill=\"none\" viewBox=\"0 0 12 12\">\n\t\t\t\t<path fill=\"#fff\" d=\"M2 0a2 2 0 0 0-2 2v2h1.5V2a.5.5 0 0 1 .5-.5h2V0H2Zm2 10.5H2a.5.5 0 0 1-.5-.5V8H0v2a2 2 0 0 0 2 2h2v-1.5ZM8 12v-1.5h2a.5.5 0 0 0 .5-.5V8H12v2a2 2 0 0 1-2 2H8Zm2-12a2 2 0 0 1 2 2v2h-1.5V2a.5.5 0 0 0-.5-.5H8V0h2Z\" \/>\n\t\t\t<\/svg>\n\t\t<\/button><\/figure>\n\n\n\n<h2 class=\"wp-block-heading\">R\u00e9f\u00e9rences :<\/h2>\n\n\n\n<ul class=\"wp-block-list\">\n<li>Photo Alain Schenkels<\/li>\n\n\n\n<li>Carte blanche publi\u00e9e dans <strong><a href=\"https:\/\/www.21news.be\/21-juillet-pourquoi-faire-disparaitre-les-visages-des-soldats-du-defile\/\" target=\"_blank\" rel=\"noreferrer noopener\">21News<\/a><\/strong><\/li>\n\n\n\n<li>Texte original : Alain Schenkels<\/li>\n<\/ul>\n\n\n\n<p><\/p>\n","protected":false},"excerpt":{"rendered":"<p>Masquer nos militaires lors de la parade officielle de la F\u00eate nationale envoie un signal d\u2019impuissance \u00e0 ceux qui veulent nous nuire. Une opinion d\u2019Alain Schenkels, dirigeant d\u2019entreprise. Lien vers la carte blanche dans 21News Pour tout militaire, participer au d\u00e9fil\u00e9 du 21 juillet et marcher devant la population et la famille royale est un [&hellip;]<\/p>\n","protected":false},"author":1,"featured_media":1569,"comment_status":"closed","ping_status":"open","sticky":false,"template":"","format":"standard","meta":{"footnotes":""},"categories":[16,13],"tags":[],"class_list":["post-1568","post","type-post","status-publish","format-standard","has-post-thumbnail","hentry","category-armee-belge","category-carte-blanche"],"_links":{"self":[{"href":"https:\/\/rrb.be\/rrb\/wp-json\/wp\/v2\/posts\/1568","targetHints":{"allow":["GET"]}}],"collection":[{"href":"https:\/\/rrb.be\/rrb\/wp-json\/wp\/v2\/posts"}],"about":[{"href":"https:\/\/rrb.be\/rrb\/wp-json\/wp\/v2\/types\/post"}],"author":[{"embeddable":true,"href":"https:\/\/rrb.be\/rrb\/wp-json\/wp\/v2\/users\/1"}],"replies":[{"embeddable":true,"href":"https:\/\/rrb.be\/rrb\/wp-json\/wp\/v2\/comments?post=1568"}],"version-history":[{"count":2,"href":"https:\/\/rrb.be\/rrb\/wp-json\/wp\/v2\/posts\/1568\/revisions"}],"predecessor-version":[{"id":1571,"href":"https:\/\/rrb.be\/rrb\/wp-json\/wp\/v2\/posts\/1568\/revisions\/1571"}],"wp:featuredmedia":[{"embeddable":true,"href":"https:\/\/rrb.be\/rrb\/wp-json\/wp\/v2\/media\/1569"}],"wp:attachment":[{"href":"https:\/\/rrb.be\/rrb\/wp-json\/wp\/v2\/media?parent=1568"}],"wp:term":[{"taxonomy":"category","embeddable":true,"href":"https:\/\/rrb.be\/rrb\/wp-json\/wp\/v2\/categories?post=1568"},{"taxonomy":"post_tag","embeddable":true,"href":"https:\/\/rrb.be\/rrb\/wp-json\/wp\/v2\/tags?post=1568"}],"curies":[{"name":"wp","href":"https:\/\/api.w.org\/{rel}","templated":true}]}}