{"id":1564,"date":"2025-06-29T10:59:00","date_gmt":"2025-06-29T10:59:00","guid":{"rendered":"https:\/\/rrb.be\/rrb\/?p=1564"},"modified":"2026-02-05T11:46:27","modified_gmt":"2026-02-05T11:46:27","slug":"le-cordon-sanitaire-une-exception-belge-a-reexaminer","status":"publish","type":"post","link":"https:\/\/rrb.be\/rrb\/le-cordon-sanitaire-une-exception-belge-a-reexaminer\/","title":{"rendered":"Le cordon sanitaire, une exception belge \u00e0 r\u00e9examiner ?"},"content":{"rendered":"\n<p>Carte blanche publi\u00e9e dans le m\u00e9dia <a href=\"https:\/\/www.21news.be\/le-cordon-sanitaire-une-exception-belge-a-reexaminer-opinion\/\" target=\"_blank\" rel=\"noreferrer noopener\">21News<\/a><\/p>\n\n\n\n<p><strong>La notion de cordon sanitaire permet, en Belgique, d\u2019\u00e9carter les partis clairement hostiles \u00e0 l\u2019\u00c9tat de droit et aux libert\u00e9s individuelles. Mais la porte vers l\u2019arbitraire peut, dans certains cas, \u00eatre ouverte. Ce qui nuit au vrai d\u00e9bat d\u00e9mocratique. Une opinion d\u2019Alain Schenkels, dirigeant d\u2019entreprise.<\/strong><\/p>\n\n\n\n<p>En Belgique, le cordon sanitaire est une singularit\u00e9 politique qui vise \u00e0 isoler certains partis jug\u00e9s incompatibles avec les valeurs d\u00e9mocratiques. Historiquement, il a \u00e9t\u00e9 instaur\u00e9 pour emp\u00eacher l\u2019extr\u00eame droite, principalement le Vlaams Blok puis son successeur le Vlaams Belang, d\u2019acc\u00e9der au pouvoir ou m\u00eame de participer \u00e0 la vie politique et m\u00e9diatique comme les autres formations. Cette pratique soul\u00e8ve, selon moi, de nombreuses questions sur sa l\u00e9gitimit\u00e9, son application et ses contradictions.<\/p>\n\n\n\n<p>Le cordon sanitaire se traduit par un refus syst\u00e9matique de toute alliance politique avec le VB, mais aussi, dans la partie francophone du pays uniquement, par une exclusion m\u00e9diatique (en direct) de ses repr\u00e9sentants des plateaux de t\u00e9l\u00e9vision et de radio. Mais la fronti\u00e8re entre protection de la d\u00e9mocratie et censure politique reste t\u00e9nue, et il est \u00e0 d\u00e9plorer que ce cordon sanitaire ne s\u2019applique pas \u00e0 l\u2019extr\u00eame gauche.<\/p>\n\n\n\n<p>Il n\u2019existe pas de consensus pour l\u2019\u00e9tendre \u00e0 d\u2019autres partis, m\u00eame lorsque ceux-ci suscitent la controverse. \u00c0 l\u2019extr\u00eame gauche, des alliances avec le PTB ou la Team Fouad Ahidar ne soul\u00e8vent gu\u00e8re d\u2019objections, malgr\u00e9 des accusations d\u2019antis\u00e9mitisme, des positions en opposition \u00e0 la d\u00e9mocratie lib\u00e9rale \u2013 fond\u00e9e sur l\u2019\u00c9tat de droit, la s\u00e9paration des pouvoirs et la protection des libert\u00e9s fondamentales \u2013, ou encore un refus de l\u2019\u00c9tat la\u00efque et une volont\u00e9 d\u2019int\u00e9grer la religion dans la sph\u00e8re publique. Cette situation cr\u00e9e une incoh\u00e9rence manifeste : pourquoi certains partis sont-ils exclus du d\u00e9bat d\u00e9mocratique, alors que d\u2019autres, tout aussi controvers\u00e9s, b\u00e9n\u00e9ficient d\u2019une bienveillance m\u00e9diatique et politique ?<\/p>\n\n\n\n<p>Je suis convaincu que l\u2019alliance politique doit rester un choix souverain des partis d\u00e9mocratiques. Refuser de gouverner avec un parti dont les valeurs sont incompatibles avec les principes d\u00e9mocratiques est une pr\u00e9caution l\u00e9gitime. En revanche, le cordon sanitaire m\u00e9diatique qui prive certains partis de la parole, va trop loin. Il revient \u00e0 la Justice de d\u00e9terminer si un parti est contraire \u00e0 la Constitution, et non aux m\u00e9dias ou aux partis politiques de juger de la l\u00e9gitimit\u00e9 d\u00e9mocratique d\u2019une formation.<\/p>\n\n\n\n<p>Si le cordon sanitaire vise \u00e0 pr\u00e9server l\u2019int\u00e9grit\u00e9 d\u00e9mocratique en emp\u00eachant toute alliance politique avec des formations extr\u00e9mistes, il ne doit pas pour autant conduire \u00e0 une paralysie du d\u00e9bat parlementaire ou \u00e0 un refus syst\u00e9matique de toute discussion.<\/p>\n\n\n\n<p>Les partis d\u00e9mocratiques doivent conserver la capacit\u00e9 d\u2019examiner, de d\u00e9battre et, le cas \u00e9ch\u00e9ant, de voter certains textes soutenus par des formations extr\u00e9mistes, d\u00e8s lors que ces propositions s\u2019inscrivent dans une vision partag\u00e9e du bien commun ou r\u00e9pondent \u00e0 des attentes l\u00e9gitimes des citoyens. La confrontation des id\u00e9es doit \u00eatre possible, y compris sur des sujets port\u00e9s par des partis situ\u00e9s aux extr\u00eames, \u00e0 condition que les valeurs fondamentales de l\u2019\u00c9tat de droit et des libert\u00e9s individuelles soient respect\u00e9es.<\/p>\n\n\n\n<p>Seul le pouvoir judiciaire peut trancher sur la compatibilit\u00e9 d\u2019un parti avec la Constitution. Confier ce pouvoir aux m\u00e9dias ou aux partis politiques ouvre la porte \u00e0 l\u2019arbitraire et \u00e0 la censure. Si un parti est jug\u00e9 inconstitutionnel, il doit \u00eatre interdit officiellement. Dans le cas contraire, il doit pouvoir s\u2019exprimer et participer au d\u00e9bat d\u00e9mocratique, quelles que soient les r\u00e9ticences ou les oppositions.<\/p>\n\n\n\n<p>Par Alain Schenkels<\/p>\n\n\n\n<figure data-wp-context=\"{&quot;imageId&quot;:&quot;69f0cbd228137&quot;}\" data-wp-interactive=\"core\/image\" data-wp-key=\"69f0cbd228137\" class=\"wp-block-image size-full is-resized wp-lightbox-container\"><img loading=\"lazy\" decoding=\"async\" width=\"728\" height=\"1006\" data-wp-class--hide=\"state.isContentHidden\" data-wp-class--show=\"state.isContentVisible\" data-wp-init=\"callbacks.setButtonStyles\" data-wp-on--click=\"actions.showLightbox\" data-wp-on--load=\"callbacks.setButtonStyles\" data-wp-on-window--resize=\"callbacks.setButtonStyles\" src=\"http:\/\/rrb.be\/rrb\/wp-content\/uploads\/2025\/12\/Alain_Schenkels-1.jpg\" alt=\"\" class=\"wp-image-329\" style=\"width:269px;height:auto\" srcset=\"https:\/\/rrb.be\/rrb\/wp-content\/uploads\/2025\/12\/Alain_Schenkels-1.jpg 728w, https:\/\/rrb.be\/rrb\/wp-content\/uploads\/2025\/12\/Alain_Schenkels-1-217x300.jpg 217w\" sizes=\"auto, (max-width: 728px) 100vw, 728px\" \/><button\n\t\t\tclass=\"lightbox-trigger\"\n\t\t\ttype=\"button\"\n\t\t\taria-haspopup=\"dialog\"\n\t\t\taria-label=\"Enlarge\"\n\t\t\tdata-wp-init=\"callbacks.initTriggerButton\"\n\t\t\tdata-wp-on--click=\"actions.showLightbox\"\n\t\t\tdata-wp-style--right=\"state.imageButtonRight\"\n\t\t\tdata-wp-style--top=\"state.imageButtonTop\"\n\t\t>\n\t\t\t<svg xmlns=\"http:\/\/www.w3.org\/2000\/svg\" width=\"12\" height=\"12\" fill=\"none\" viewBox=\"0 0 12 12\">\n\t\t\t\t<path fill=\"#fff\" d=\"M2 0a2 2 0 0 0-2 2v2h1.5V2a.5.5 0 0 1 .5-.5h2V0H2Zm2 10.5H2a.5.5 0 0 1-.5-.5V8H0v2a2 2 0 0 0 2 2h2v-1.5ZM8 12v-1.5h2a.5.5 0 0 0 .5-.5V8H12v2a2 2 0 0 1-2 2H8Zm2-12a2 2 0 0 1 2 2v2h-1.5V2a.5.5 0 0 0-.5-.5H8V0h2Z\" \/>\n\t\t\t<\/svg>\n\t\t<\/button><\/figure>\n\n\n\n<h2 class=\"wp-block-heading\">R\u00e9f\u00e9rences : <\/h2>\n\n\n\n<ul class=\"wp-block-list\">\n<li>Photo 21News<\/li>\n\n\n\n<li>Carte blanche dans <a href=\"https:\/\/www.21news.be\/le-cordon-sanitaire-une-exception-belge-a-reexaminer-opinion\/\" target=\"_blank\" rel=\"noreferrer noopener\">21News<\/a><\/li>\n\n\n\n<li>Texte original de Alain Schenkels<\/li>\n<\/ul>\n","protected":false},"excerpt":{"rendered":"<p>Carte blanche publi\u00e9e dans le m\u00e9dia 21News La notion de cordon sanitaire permet, en Belgique, d\u2019\u00e9carter les partis clairement hostiles \u00e0 l\u2019\u00c9tat de droit et aux libert\u00e9s individuelles. Mais la porte vers l\u2019arbitraire peut, dans certains cas, \u00eatre ouverte. Ce qui nuit au vrai d\u00e9bat d\u00e9mocratique. Une opinion d\u2019Alain Schenkels, dirigeant d\u2019entreprise. En Belgique, le [&hellip;]<\/p>\n","protected":false},"author":1,"featured_media":1565,"comment_status":"closed","ping_status":"open","sticky":false,"template":"","format":"standard","meta":{"footnotes":""},"categories":[4,13],"tags":[],"class_list":["post-1564","post","type-post","status-publish","format-standard","has-post-thumbnail","hentry","category-belgique","category-carte-blanche"],"_links":{"self":[{"href":"https:\/\/rrb.be\/rrb\/wp-json\/wp\/v2\/posts\/1564","targetHints":{"allow":["GET"]}}],"collection":[{"href":"https:\/\/rrb.be\/rrb\/wp-json\/wp\/v2\/posts"}],"about":[{"href":"https:\/\/rrb.be\/rrb\/wp-json\/wp\/v2\/types\/post"}],"author":[{"embeddable":true,"href":"https:\/\/rrb.be\/rrb\/wp-json\/wp\/v2\/users\/1"}],"replies":[{"embeddable":true,"href":"https:\/\/rrb.be\/rrb\/wp-json\/wp\/v2\/comments?post=1564"}],"version-history":[{"count":2,"href":"https:\/\/rrb.be\/rrb\/wp-json\/wp\/v2\/posts\/1564\/revisions"}],"predecessor-version":[{"id":1567,"href":"https:\/\/rrb.be\/rrb\/wp-json\/wp\/v2\/posts\/1564\/revisions\/1567"}],"wp:featuredmedia":[{"embeddable":true,"href":"https:\/\/rrb.be\/rrb\/wp-json\/wp\/v2\/media\/1565"}],"wp:attachment":[{"href":"https:\/\/rrb.be\/rrb\/wp-json\/wp\/v2\/media?parent=1564"}],"wp:term":[{"taxonomy":"category","embeddable":true,"href":"https:\/\/rrb.be\/rrb\/wp-json\/wp\/v2\/categories?post=1564"},{"taxonomy":"post_tag","embeddable":true,"href":"https:\/\/rrb.be\/rrb\/wp-json\/wp\/v2\/tags?post=1564"}],"curies":[{"name":"wp","href":"https:\/\/api.w.org\/{rel}","templated":true}]}}