{"id":1559,"date":"2025-06-13T10:51:00","date_gmt":"2025-06-13T10:51:00","guid":{"rendered":"https:\/\/rrb.be\/rrb\/?p=1559"},"modified":"2026-01-11T10:56:19","modified_gmt":"2026-01-11T10:56:19","slug":"lislamisme-ennemi-interieur-de-la-democratie","status":"publish","type":"post","link":"https:\/\/rrb.be\/rrb\/lislamisme-ennemi-interieur-de-la-democratie\/","title":{"rendered":"L\u2019islamisme, ennemi int\u00e9rieur de la d\u00e9mocratie"},"content":{"rendered":"\n<p>Carte blanche dans <a href=\"https:\/\/www.21news.be\/lislamisme-ennemi-interieur-de-la-democratie-carte-blanche\/\" target=\"_blank\" rel=\"noopener\">21News<\/a><\/p>\n\n\n\n<p><strong>\u00c0 l\u2019heure o\u00f9 la s\u00e9curit\u00e9 europ\u00e9enne s\u2019invite dans tous les d\u00e9bats, la menace de l\u2019islamisme s\u2019impose comme le principal d\u00e9fi pour la stabilit\u00e9 du continent. Son infiltration dans le tissu social, culturel et politique des \u00c9tats europ\u00e9ens rend sa lutte plus complexe et urgente que jamais. Une carte blanche d\u2019Alain Schenkels, chef d\u2019entreprise.<\/strong><\/p>\n\n\n\n<p>L\u2019islamisme est un ph\u00e9nom\u00e8ne profond, qui s\u2019est implant\u00e9 dans la soci\u00e9t\u00e9 europ\u00e9enne en profitant de ses libert\u00e9s. Les organisations telles que les Fr\u00e8res musulmans privil\u00e9gient une strat\u00e9gie d\u2019entrisme, investissant \u00e9ducation, culture, associations et m\u00eame politique pour influencer les normes et les valeurs.<\/p>\n\n\n\n<p>\u00c0 Bruxelles, des rapports r\u00e9cents r\u00e9v\u00e8lent l\u2019influence de plusieurs associations li\u00e9es aux Fr\u00e8res musulmans sur la vie locale. Elles exercent m\u00eame un contr\u00f4le sur certaines communes, avec la complicit\u00e9 d\u2019\u00e9lus et d\u2019acteurs locaux. Cette infiltration progressive vise \u00e0 imposer des codes et des valeurs en contradiction avec la la\u00efcit\u00e9 et la d\u00e9mocratie.<\/p>\n\n\n\n<h2 class=\"wp-block-heading\"><strong>L\u2019islamisme, une menace interne et globale<\/strong><\/h2>\n\n\n\n<p>Le djihadisme europ\u00e9en, port\u00e9 aussi bien par des \u00ab combattants \u00e9trangers \u00bb que par des nationaux radicalis\u00e9s, illustre une menace ancr\u00e9e au c\u0153ur de la soci\u00e9t\u00e9. Des milliers d\u2019Europ\u00e9ens ont combattu en Syrie ou en Irak. Beaucoup sont revenus avec une id\u00e9ologie violente et une exp\u00e9rience terroriste.<\/p>\n\n\n\n<p>La radicalisation concerne aussi des jeunes, souvent n\u00e9s en Europe, qui rejettent la soci\u00e9t\u00e9 qui les a vus na\u00eetre, favorisant des valeurs communautaristes, radicales et violentes, pr\u00f4nant parfois la sharia, ce au d\u00e9triment du vivre-ensemble.<\/p>\n\n\n\n<p>L\u2019islamisme d\u00e9passe les fronti\u00e8res europ\u00e9ennes, c\u2019est un ph\u00e9nom\u00e8ne global, dont les ramifications touchent l\u2019ensemble du monde occidental. Les attentats montrent une menace terroriste omnipr\u00e9sente et les r\u00e9seaux sociaux, mosqu\u00e9es, associations et lieux d\u2019enseignement servent de relais \u00e0 la propagande et au recrutement. Il agit de l\u2019int\u00e9rieur, s\u2019immis\u00e7ant dans le quotidien des citoyens, dans les \u00e9coles, les quartiers, les administrations et les m\u00e9dias. Il profite des failles de l\u2019int\u00e9gration, de la radicalisation en ligne et de la complaisance de \u00ab&nbsp;collabos&nbsp;\u00bb locaux pour \u00e9tendre son influence.<\/p>\n\n\n\n<p>Le&nbsp;<strong><a href=\"https:\/\/www.21news.be\/lecole-infiltree-quand-lislamisme-dicte-ses-lois-aux-enseignants\/\" target=\"_blank\" rel=\"noreferrer noopener\">livre \u00ab Allah n\u2019a rien \u00e0 faire dans ma classe \u00bb<\/a><\/strong>&nbsp;de Jean-Pierre Martin et Laurence D\u2019Hondt est \u00e9difiant. Il d\u00e9montre la mont\u00e9e de l\u2019islamisme dans nos \u00e9coles, o\u00f9 les enfants, d\u00e8s leur plus jeune \u00e2ge, sont directement vis\u00e9s. Les enseignements de ce livre peuvent \u00eatre transpos\u00e9s, s\u2019appliquant \u00e0 l\u2019ensemble de la soci\u00e9t\u00e9, l\u2019islamisme menace directement notre d\u00e9mocratie et nos vies.<\/p>\n\n\n\n<h2 class=\"wp-block-heading\"><strong>L\u2019importation du conflit isra\u00e9lo-palestinien est un poison pour la coh\u00e9sion europ\u00e9enne<\/strong><\/h2>\n\n\n\n<p>La gauche et l\u2019extr\u00eame gauche, en faisant de la cause palestinienne un \u00e9tendard militant, contribue \u00e0 importer les tensions du Proche-Orient sur le continent. La France insoumise refuse syst\u00e9matiquement de qualifier le Hamas d\u2019organisation terroriste, tout comme les partis d\u2019extr\u00eame gauche en Belgique, alimentant l\u2019antis\u00e9mitisme. Cette posture vante la \u00ab r\u00e9sistance h\u00e9ro\u00efque \u00bb du Hamas, elle l\u00e9gitime indirectement des violences incompatibles avec nos valeurs d\u00e9mocratiques.<\/p>\n\n\n\n<p>En Belgique, des figures socialistes instrumentalisent les marches pro-palestiniennes, provoquant des clivages communautaires, les cons\u00e9quences sont palpables avec la mont\u00e9e des actes antis\u00e9mites et la polarisation de l\u2019opinion. Ce ph\u00e9nom\u00e8ne inqui\u00e9tant sape les fondements de notre soci\u00e9t\u00e9.<\/p>\n\n\n\n<h2 class=\"wp-block-heading\"><strong>Agir avant qu\u2019il ne soit trop tard<\/strong><\/h2>\n\n\n\n<p>Il est imp\u00e9ratif d\u2019agir rapidement et avec d\u00e9termination. Les mesures r\u00e9pressives ne suffisent pas. Il faut renforcer la surveillance des associations islamiques, contr\u00f4ler les financements \u00e9trangers, lutter contre la d\u00e9sinformation et la propagande radicale, limiter l\u2019immigration et le regroupement familial.<\/p>\n\n\n\n<p>\u00c0 l\u2019heure actuelle, l\u2019islamisme repr\u00e9sente le principal risque pour la s\u00e9curit\u00e9, la coh\u00e9sion sociale et les valeurs d\u00e9mocratiques, tant en Europe que dans le reste du monde. Demain, il pourrait \u00eatre trop tard pour r\u00e9agir efficacement. L\u2019Europe et le monde doivent donc se mobiliser, sans complaisance ni na\u00efvet\u00e9, pour pr\u00e9server leur avenir avec une Justice valoris\u00e9e et des condamnations exemplaires.<\/p>\n\n\n\n<p>L\u2019\u00e9crivain Herman Brusselmans, qui a d\u00e9clar\u00e9 : \u00ab&nbsp;<em>J\u2019ai envie d\u2019enfoncer un couteau pointu dans la gorge de chaque personne juive que je rencontre<\/em>&nbsp;\u00bb, a \u00e9t\u00e9 acquitt\u00e9 le 11 mars dernier par le tribunal correctionnel de Gand au nom de la libert\u00e9 d\u2019expression.&nbsp;&nbsp;Le 9 juin \u00e0 Saint-Gilles, une manifestation publique pro-palestinienne a eu lieu, au cours de laquelle des sc\u00e8nes faisant r\u00e9f\u00e9rence au massacre du 7 octobre 2023 ont \u00e9t\u00e9 repr\u00e9sent\u00e9es, sans intervention des autorit\u00e9s.&nbsp;<\/p>\n\n\n\n<p>Comment en sommes-nous arriv\u00e9s l\u00e0 ? Il nous faut une justice ferme, qui condamne s\u00e9v\u00e8rement tout propos et acte islamiste ou antis\u00e9mite. L\u2019heure est grave. Il est d\u00e9j\u00e0 tr\u00e8s tard pour agir. N\u2019attendons pas qu\u2019il soit trop tard, nos libert\u00e9s et notre d\u00e9mocratie sont en jeu.<\/p>\n\n\n\n<h2 class=\"wp-block-heading\">R\u00e9f\u00e9rences :<\/h2>\n\n\n\n<ul class=\"wp-block-list\">\n<li>Photo 21News<\/li>\n\n\n\n<li>Carte blanche dans <a href=\"https:\/\/www.21news.be\/lislamisme-ennemi-interieur-de-la-democratie-carte-blanche\/\" target=\"_blank\" rel=\"noreferrer noopener\">21News<\/a><\/li>\n\n\n\n<li>Texte original de Alain Schenkels<\/li>\n<\/ul>\n\n\n\n<p>Par Alain Schenkels<\/p>\n\n\n\n<figure data-wp-context=\"{&quot;imageId&quot;:&quot;69f0c797b4b33&quot;}\" data-wp-interactive=\"core\/image\" data-wp-key=\"69f0c797b4b33\" class=\"wp-block-image size-full is-resized wp-lightbox-container\"><img loading=\"lazy\" decoding=\"async\" width=\"728\" height=\"1006\" data-wp-class--hide=\"state.isContentHidden\" data-wp-class--show=\"state.isContentVisible\" data-wp-init=\"callbacks.setButtonStyles\" data-wp-on--click=\"actions.showLightbox\" data-wp-on--load=\"callbacks.setButtonStyles\" data-wp-on-window--resize=\"callbacks.setButtonStyles\" src=\"http:\/\/rrb.be\/rrb\/wp-content\/uploads\/2025\/12\/Alain_Schenkels-1.jpg\" alt=\"\" class=\"wp-image-329\" style=\"width:209px;height:auto\" srcset=\"https:\/\/rrb.be\/rrb\/wp-content\/uploads\/2025\/12\/Alain_Schenkels-1.jpg 728w, https:\/\/rrb.be\/rrb\/wp-content\/uploads\/2025\/12\/Alain_Schenkels-1-217x300.jpg 217w\" sizes=\"auto, (max-width: 728px) 100vw, 728px\" \/><button\n\t\t\tclass=\"lightbox-trigger\"\n\t\t\ttype=\"button\"\n\t\t\taria-haspopup=\"dialog\"\n\t\t\taria-label=\"Enlarge\"\n\t\t\tdata-wp-init=\"callbacks.initTriggerButton\"\n\t\t\tdata-wp-on--click=\"actions.showLightbox\"\n\t\t\tdata-wp-style--right=\"state.imageButtonRight\"\n\t\t\tdata-wp-style--top=\"state.imageButtonTop\"\n\t\t>\n\t\t\t<svg xmlns=\"http:\/\/www.w3.org\/2000\/svg\" width=\"12\" height=\"12\" fill=\"none\" viewBox=\"0 0 12 12\">\n\t\t\t\t<path fill=\"#fff\" d=\"M2 0a2 2 0 0 0-2 2v2h1.5V2a.5.5 0 0 1 .5-.5h2V0H2Zm2 10.5H2a.5.5 0 0 1-.5-.5V8H0v2a2 2 0 0 0 2 2h2v-1.5ZM8 12v-1.5h2a.5.5 0 0 0 .5-.5V8H12v2a2 2 0 0 1-2 2H8Zm2-12a2 2 0 0 1 2 2v2h-1.5V2a.5.5 0 0 0-.5-.5H8V0h2Z\" \/>\n\t\t\t<\/svg>\n\t\t<\/button><\/figure>\n\n\n\n<hr class=\"wp-block-separator has-alpha-channel-opacity\"\/>\n\n\n\n<h2 class=\"wp-block-heading\">Manifestation \u00e0 Los Angeles \u2013 juin 2025 :<\/h2>\n\n\n\n<p>Agissons avant qu\u2019il ne soit trop tard, prot\u00e9geons nos d\u00e9mocraties contre l\u2019islamisme.<\/p>\n\n\n\n<figure class=\"wp-block-image size-large\"><img loading=\"lazy\" decoding=\"async\" width=\"728\" height=\"1024\" src=\"https:\/\/rrb.be\/rrb\/wp-content\/uploads\/2026\/01\/Stop-a-lIslamisme-en-Europe-et-dans-le-Monde-728x1024.jpeg\" alt=\"\" class=\"wp-image-1561\" srcset=\"https:\/\/rrb.be\/rrb\/wp-content\/uploads\/2026\/01\/Stop-a-lIslamisme-en-Europe-et-dans-le-Monde-728x1024.jpeg 728w, https:\/\/rrb.be\/rrb\/wp-content\/uploads\/2026\/01\/Stop-a-lIslamisme-en-Europe-et-dans-le-Monde-213x300.jpeg 213w, https:\/\/rrb.be\/rrb\/wp-content\/uploads\/2026\/01\/Stop-a-lIslamisme-en-Europe-et-dans-le-Monde-768x1080.jpeg 768w, https:\/\/rrb.be\/rrb\/wp-content\/uploads\/2026\/01\/Stop-a-lIslamisme-en-Europe-et-dans-le-Monde.jpeg 1064w\" sizes=\"auto, (max-width: 728px) 100vw, 728px\" \/><\/figure>\n","protected":false},"excerpt":{"rendered":"<p>Carte blanche dans 21News \u00c0 l\u2019heure o\u00f9 la s\u00e9curit\u00e9 europ\u00e9enne s\u2019invite dans tous les d\u00e9bats, la menace de l\u2019islamisme s\u2019impose comme le principal d\u00e9fi pour la stabilit\u00e9 du continent. Son infiltration dans le tissu social, culturel et politique des \u00c9tats europ\u00e9ens rend sa lutte plus complexe et urgente que jamais. Une carte blanche d\u2019Alain Schenkels, [&hellip;]<\/p>\n","protected":false},"author":1,"featured_media":1560,"comment_status":"closed","ping_status":"open","sticky":false,"template":"","format":"standard","meta":{"footnotes":""},"categories":[13],"tags":[],"class_list":["post-1559","post","type-post","status-publish","format-standard","has-post-thumbnail","hentry","category-carte-blanche"],"_links":{"self":[{"href":"https:\/\/rrb.be\/rrb\/wp-json\/wp\/v2\/posts\/1559","targetHints":{"allow":["GET"]}}],"collection":[{"href":"https:\/\/rrb.be\/rrb\/wp-json\/wp\/v2\/posts"}],"about":[{"href":"https:\/\/rrb.be\/rrb\/wp-json\/wp\/v2\/types\/post"}],"author":[{"embeddable":true,"href":"https:\/\/rrb.be\/rrb\/wp-json\/wp\/v2\/users\/1"}],"replies":[{"embeddable":true,"href":"https:\/\/rrb.be\/rrb\/wp-json\/wp\/v2\/comments?post=1559"}],"version-history":[{"count":2,"href":"https:\/\/rrb.be\/rrb\/wp-json\/wp\/v2\/posts\/1559\/revisions"}],"predecessor-version":[{"id":1563,"href":"https:\/\/rrb.be\/rrb\/wp-json\/wp\/v2\/posts\/1559\/revisions\/1563"}],"wp:featuredmedia":[{"embeddable":true,"href":"https:\/\/rrb.be\/rrb\/wp-json\/wp\/v2\/media\/1560"}],"wp:attachment":[{"href":"https:\/\/rrb.be\/rrb\/wp-json\/wp\/v2\/media?parent=1559"}],"wp:term":[{"taxonomy":"category","embeddable":true,"href":"https:\/\/rrb.be\/rrb\/wp-json\/wp\/v2\/categories?post=1559"},{"taxonomy":"post_tag","embeddable":true,"href":"https:\/\/rrb.be\/rrb\/wp-json\/wp\/v2\/tags?post=1559"}],"curies":[{"name":"wp","href":"https:\/\/api.w.org\/{rel}","templated":true}]}}