{"id":1550,"date":"2024-12-22T10:42:00","date_gmt":"2024-12-22T10:42:00","guid":{"rendered":"https:\/\/rrb.be\/rrb\/?p=1550"},"modified":"2026-02-05T11:44:07","modified_gmt":"2026-02-05T11:44:07","slug":"le-retour-du-service-militaire-obligatoire-pourquoi-pas","status":"publish","type":"post","link":"https:\/\/rrb.be\/rrb\/le-retour-du-service-militaire-obligatoire-pourquoi-pas\/","title":{"rendered":"Le retour du service militaire obligatoire, pourquoi pas ?"},"content":{"rendered":"\n<p>Carte blanche diffus\u00e9e dans le m\u00e9dia belge 21News : <a href=\"https:\/\/www.21news.be\/le-retour-du-service-militaire-obligatoire-pourquoi-pas-opinion\/\" target=\"_Blank\" rel=\"noreferrer noopener\">cliquez ICI<\/a><\/p>\n\n\n\n<blockquote class=\"wp-block-quote is-layout-flow wp-block-quote-is-layout-flow\">\n<p><strong>Il est plus que temps de songer \u00e0 une r\u00e9instauration du service militaire en Belgique. La guerre en Ukraine a d\u00e9montr\u00e9 que nous ne pouvons plus rester longtemps les vassaux des Am\u00e9ricains. D\u2019autres arguments plaident pour un retour de la conscription obligatoire. Une opinion d\u2019Alain Schenkels, chef d\u2019entreprise.<\/strong><\/p>\n<\/blockquote>\n\n\n\n<p>Consacrer un certain temps de sa vie au service de son pays est un noble devoir, \u00e0 condition que ce service s\u2019effectue dans le respect de l\u2019individu et qu\u2019il dispense la formation ad\u00e9quate pour affronter une \u00e9ventuelle agression. Le conflit en Ukraine met en lumi\u00e8re la persistance des guerres conventionnelles impliquant des fantassins, contrairement aux discours ayant accompagn\u00e9 la suspension du service militaire. Dans cette optique, le r\u00e9tablissement d\u2019un service militaire adapt\u00e9 aux r\u00e9alit\u00e9s actuelles semble pertinent, \u00e0 la fois pour susciter l\u2019int\u00e9r\u00eat des jeunes envers une carri\u00e8re militaire et pour former une partie de la population aux techniques de combat.<\/p>\n\n\n\n<p>Il n\u2019est cependant pas n\u00e9cessaire de former toute la population, mais d\u2019augmenter la capacit\u00e9 de notre arm\u00e9e professionnelle \u00e0 d\u00e9fendre le pays gr\u00e2ce \u00e0 l\u2019apport de miliciens pr\u00e9alablement form\u00e9s.<\/p>\n\n\n\n<p>Dans l\u2019ancienne mouture du service militaire obligatoire, un milicien devait consacrer pr\u00e8s d\u2019une ann\u00e9e de sa vie sans jamais \u00eatre rappel\u00e9 par la suite, alors que les technologies et les techniques de guerre \u00e9voluent \u00e0 un rythme effr\u00e9n\u00e9. Dans l\u2019optique d\u2019un nouveau service militaire obligatoire, il est plus pertinent de raccourcir la dur\u00e9e du service, tout en y dispensant les connaissances fondamentales, et de pr\u00e9voir des rappels r\u00e9guliers pour rafra\u00eechir les acquis et s\u2019adapter aux changements technologiques.<\/p>\n\n\n\n<p>Le mod\u00e8le suisse du service militaire obligatoire est souvent cit\u00e9 comme un exemple de r\u00e9ussite. Il permet de former une r\u00e9serve de citoyens soldats relativement bien entra\u00een\u00e9s, tout en limitant la dur\u00e9e du service militaire initial, suivi de plusieurs rappels sur une p\u00e9riode de neuf ans avant d\u2019\u00eatre lib\u00e9r\u00e9 de leurs obligations militaires. Ces rappels permettent aux anciens conscrits de se maintenir \u00e0 niveau et de s\u2019adapter aux \u00e9volutions militaires.<\/p>\n\n\n\n<p>Le mod\u00e8le suisse est critiqu\u00e9 pour son co\u00fbt et son caract\u00e8re contraignant. Cependant, l\u2019argument du co\u00fbt face \u00e0 l\u2019avantage d\u2019une r\u00e9serve d\u2019hommes et de femmes form\u00e9s au combat n\u2019est pas recevable. La capacit\u00e9 \u00e0 d\u00e9fendre le pays est primordiale, et l\u2019int\u00e9gration de ce service militaire dans une arm\u00e9e europ\u00e9enne est indispensable. Le caract\u00e8re contraignant peut effectivement constituer un frein, mais il doit \u00eatre relativis\u00e9 au regard de l\u2019objectif initial.<\/p>\n\n\n\n<h2 class=\"wp-block-heading\">Le service militaire obligatoire pour tous, hommes et femmes ?<\/h2>\n\n\n\n<p>Il faudrait mettre tous les jeunes sur un pied d\u2019\u00e9galit\u00e9 sans toutefois les obliger \u00e0 effectuer un service de type militaire. Dans ce contexte, il serait judicieux d\u2019offrir aux jeunes la possibilit\u00e9 de choisir entre un service militaire et un service civil de dur\u00e9e \u00e9quivalente.<\/p>\n\n\n\n<p>En 2010, la France a instaur\u00e9 un service civique non obligatoire encourageant l\u2019engagement citoyen. Il a pour objectif de renforcer la coh\u00e9sion nationale et de favoriser la mixit\u00e9 sociale et offre la possibilit\u00e9 aux jeunes de s\u2019engager pour une dur\u00e9e de 6 \u00e0 12 mois dans une mission d\u2019int\u00e9r\u00eat g\u00e9n\u00e9ral.<\/p>\n\n\n\n<p>En parall\u00e8le au service militaire, ce type de service civil permettrait de laisser un libre choix aux jeunes face \u00e0 un engagement au service de leur pays.<\/p>\n\n\n\n<blockquote class=\"wp-block-quote is-layout-flow wp-block-quote-is-layout-flow\">\n<p><em>\u00ab Le service militaire permettrait \u00e0 la Belgique de disposer d\u2019une arm\u00e9e de taille suffisante pour se d\u00e9fendre contre les menaces ext\u00e9rieures, en coop\u00e9ration directe avec une arm\u00e9e europ\u00e9enne. \u00bb<\/em><\/p>\n<\/blockquote>\n\n\n\n<p>Un service obligatoire mixte permettrait \u00e0 tous les jeunes citoyens, hommes et femmes, de contribuer \u00e0 la soci\u00e9t\u00e9 de mani\u00e8re \u00e9gale, qu\u2019ils choisissent la voie militaire ou civile. Il offrirait plus de flexibilit\u00e9 pour r\u00e9pondre aux besoins changeants de la soci\u00e9t\u00e9, en permettant d\u2019orienter un plus grand nombre de jeunes vers des secteurs en p\u00e9nurie de main-d\u2019\u0153uvre, par exemple. Il valoriserait la diversit\u00e9 des comp\u00e9tences et des talents en permettant aux individus de s\u2019orienter vers le domaine qui correspond le mieux \u00e0 leurs aptitudes et aspirations.<\/p>\n\n\n\n<h2 class=\"wp-block-heading\">L\u2019Europe doit se donner les moyens de sa d\u00e9fense !<\/h2>\n\n\n\n<p>Il faut se rendre \u00e0 l\u2019\u00e9vidence : la situation de l\u2019Europe ne permet pas \u00e0 l\u2019heure actuelle de faire face \u00e0 un conflit important sans l\u2019aide militaire des \u00c9tats-Unis. Cette d\u00e9pendance est un risque bien trop important pour l\u2019Europe \u2014 et donc la Belgique. Il faut urgemment rem\u00e9dier \u00e0 cette situation en cr\u00e9ant une arm\u00e9e europ\u00e9enne professionnelle avec une r\u00e9serve importante de miliciens pr\u00eats \u00e0 seconder l\u2019arm\u00e9e en cas de conflit majeur. Par ailleurs, poss\u00e9der une arm\u00e9e avec un potentiel de combat \u00e9lev\u00e9 permet d\u2019\u00e9carter certaines menaces ext\u00e9rieures et, in fine, des guerres.<\/p>\n\n\n\n<p>Notre arm\u00e9e professionnelle est trop petite pour assurer une d\u00e9fense ad\u00e9quate en cas de conflit majeur. Le service militaire permettrait \u00e0 la Belgique de disposer d\u2019une arm\u00e9e de taille suffisante pour se d\u00e9fendre contre les menaces ext\u00e9rieures, en coop\u00e9ration directe avec une arm\u00e9e europ\u00e9enne. Ce service militaire peut \u00e9galement contribuer \u00e0 renforcer la coh\u00e9sion sociale et le civisme en rassemblant des jeunes de tous horizons et en leur inculquant des valeurs telles que le patriotisme, le respect et la discipline. Il peut aussi leur donner l\u2019occasion d\u2019acqu\u00e9rir des comp\u00e9tences pr\u00e9cieuses pour leur vie future, telles que le travail en \u00e9quipe, la r\u00e9solution de probl\u00e8mes et le leadership.<\/p>\n\n\n\n<p>S\u2019il est important de r\u00e9instaurer un esprit patriotique chez les jeunes en instaurant un processus continu qui vise \u00e0 nourrir chez eux un sentiment d\u2019appartenance, de fiert\u00e9 et de responsabilit\u00e9 envers leur pays, il est ind\u00e9niable qu\u2019il faut tenir compte du fait qu\u2019une partie non n\u00e9gligeable de la population \u2014 tant au nord qu\u2019au sud du pays \u2014 aspire \u00e0 une autre forme d\u2019appartenance ou d\u2019ind\u00e9pendance, et que nombre d\u2019entre eux ne feront jamais le choix des armes pour sauver ladite \u00ab Belgique \u00bb.<\/p>\n\n\n\n<p>Qu\u2019importe, quelle que soit la vision politique de la \u00ab patrie \u00bb, in fine, c\u2019est avec la m\u00eame volont\u00e9 de sauver leurs familles, la paix et leurs vies dans un \u00c9tat d\u00e9mocratique que les miliciens prendront les armes pour se d\u00e9fendre contre toute invasion ennemie. Car m\u00eame si notre d\u00e9mocratie est imparfaite, elle est le seul mod\u00e8le qui permet une libert\u00e9 de pens\u00e9e et de parole \u2014 de l\u2019extr\u00eame gauche \u00e0 l\u2019extr\u00eame droite \u2014 sans risque de pers\u00e9cutions par le pouvoir en place. Quelles que soient les motivations de chacun, il est primordial de s\u2019unir pour d\u00e9fendre notre mod\u00e8le de vie, m\u00eame au prix d\u2019une guerre pour restaurer la paix dans nos r\u00e9gions.<\/p>\n\n\n\n<h2 class=\"wp-block-heading\">Un besoin urgent de concertation<\/h2>\n\n\n\n<p>La d\u00e9cision d\u2019instaurer un tel syst\u00e8me implique une r\u00e9flexion approfondie et une large concertation avec les organisations de la soci\u00e9t\u00e9 civile, l\u2019arm\u00e9e et les experts concern\u00e9s. Mais le temps presse, l\u2019Europe se doit de se donner les moyens d\u2019organiser dans les plus brefs d\u00e9lais une arm\u00e9e europ\u00e9enne regroupant tous les \u00c9tats membres, lui permettant ainsi de se prot\u00e9ger de toute attaque ou invasion ennemie.<\/p>\n\n\n\n<p>M\u00eame si un accord entre les 27 \u00c9tats membres n\u2019est pas rapidement vot\u00e9 pour constituer une r\u00e9serve de soldats, cela n\u2019emp\u00eache en rien les \u00c9tats qui font le choix de la protection de mettre en place un service militaire obligatoire et ainsi former une partie de la population aux techniques de combat et de d\u00e9fense du pays.<\/p>\n\n\n\n<h2 class=\"wp-block-heading\">R\u00e9f\u00e9rences :<\/h2>\n\n\n\n<ul class=\"wp-block-list\">\n<li>Photo d\u2019illustration :  Belgian Reserve<\/li>\n\n\n\n<li>Carte blanche publi\u00e9e dans le m\u00e9dia 21News :\u00a0<a href=\"https:\/\/www.21news.be\/le-retour-du-service-militaire-obligatoire-pourquoi-pas-opinion\/\" target=\"_Blank\" rel=\"noreferrer noopener\">cliquez ICI<\/a><\/li>\n\n\n\n<li>Alain Schenkels, carte blanche originale<\/li>\n<\/ul>\n\n\n\n<p>Par Alain Schenkels<\/p>\n\n\n\n<figure data-wp-context=\"{&quot;imageId&quot;:&quot;69f0cc24f0915&quot;}\" data-wp-interactive=\"core\/image\" data-wp-key=\"69f0cc24f0915\" class=\"wp-block-image size-full is-resized wp-lightbox-container\"><img loading=\"lazy\" decoding=\"async\" width=\"728\" height=\"1006\" data-wp-class--hide=\"state.isContentHidden\" data-wp-class--show=\"state.isContentVisible\" data-wp-init=\"callbacks.setButtonStyles\" data-wp-on--click=\"actions.showLightbox\" data-wp-on--load=\"callbacks.setButtonStyles\" data-wp-on-window--resize=\"callbacks.setButtonStyles\" src=\"http:\/\/rrb.be\/rrb\/wp-content\/uploads\/2025\/12\/Alain_Schenkels-1.jpg\" alt=\"\" class=\"wp-image-329\" style=\"width:211px;height:auto\" srcset=\"https:\/\/rrb.be\/rrb\/wp-content\/uploads\/2025\/12\/Alain_Schenkels-1.jpg 728w, https:\/\/rrb.be\/rrb\/wp-content\/uploads\/2025\/12\/Alain_Schenkels-1-217x300.jpg 217w\" sizes=\"auto, (max-width: 728px) 100vw, 728px\" \/><button\n\t\t\tclass=\"lightbox-trigger\"\n\t\t\ttype=\"button\"\n\t\t\taria-haspopup=\"dialog\"\n\t\t\taria-label=\"Enlarge\"\n\t\t\tdata-wp-init=\"callbacks.initTriggerButton\"\n\t\t\tdata-wp-on--click=\"actions.showLightbox\"\n\t\t\tdata-wp-style--right=\"state.imageButtonRight\"\n\t\t\tdata-wp-style--top=\"state.imageButtonTop\"\n\t\t>\n\t\t\t<svg xmlns=\"http:\/\/www.w3.org\/2000\/svg\" width=\"12\" height=\"12\" fill=\"none\" viewBox=\"0 0 12 12\">\n\t\t\t\t<path fill=\"#fff\" d=\"M2 0a2 2 0 0 0-2 2v2h1.5V2a.5.5 0 0 1 .5-.5h2V0H2Zm2 10.5H2a.5.5 0 0 1-.5-.5V8H0v2a2 2 0 0 0 2 2h2v-1.5ZM8 12v-1.5h2a.5.5 0 0 0 .5-.5V8H12v2a2 2 0 0 1-2 2H8Zm2-12a2 2 0 0 1 2 2v2h-1.5V2a.5.5 0 0 0-.5-.5H8V0h2Z\" \/>\n\t\t\t<\/svg>\n\t\t<\/button><\/figure>\n\n\n\n<hr class=\"wp-block-separator has-alpha-channel-opacity\"\/>\n\n\n\n<h2 class=\"wp-block-heading\">Pr\u00e9cisions de l&rsquo;auteur par rapport \u00e0 certaines r\u00e9actions sur d\u2019autres plateformes<\/h2>\n\n\n\n<p><strong>L\u2019objectif n\u2019est \u00e9videmment pas d\u2019envoyer nos jeunes se faire tuer, mais bien de nous donner les moyens de d\u00e9fendre notre patrie et l\u2019Europe. Cela n\u2019est possible qu\u2019avec une arm\u00e9e digne de ce nom. <\/strong><\/p>\n\n\n\n<p>Prenons l\u2019exemple des \u00c9tats-Unis : ils n\u2019ont jamais \u00e9t\u00e9 envahis. Pourquoi ? Parce que personne n\u2019oserait s\u2019attaquer \u00e0 l\u2019arm\u00e9e am\u00e9ricaine, ce serait suicidaire. Nous avons, nous aussi, besoin d\u2019une arm\u00e9e europ\u00e9enne forte, capable de dissuader tout adversaire potentiel.<\/p>\n\n\n\n<p>Chaque pays de l\u2019Union europ\u00e9enne et de l\u2019OTAN doit donc investir dans sa d\u00e9fense et pr\u00e9parer sa jeunesse, non pas pour les envoyer au front, mais pour maximiser nos chances de pr\u00e9server la paix. Et si, malgr\u00e9 tous nos efforts, nous devions \u00eatre attaqu\u00e9s, nous serions alors en mesure de nous d\u00e9fendre efficacement et de limiter le nombre de victimes. Il n\u2019est pas question de nous laisser envahir sans r\u00e9agir. La Pologne, en premi\u00e8re ligne, l\u2019a bien compris : elle forme sa jeunesse, non pour l\u2019envoyer se sacrifier, mais pour qu\u2019elle soit pr\u00eate \u00e0 r\u00e9sister \u00e0 toute agression, notamment russe.<\/p>\n\n\n\n<p><strong>Comment financer cette D\u00e9fense ?<\/strong><\/p>\n\n\n\n<p>Nous avons la chance de b\u00e9n\u00e9ficier de l\u2019un des meilleurs syst\u00e8mes de s\u00e9curit\u00e9 sociale au monde. Mais est-il normal qu\u2019un ressortissant \u00e9tranger, membre de l\u2019Union europ\u00e9enne, vienne se faire op\u00e9rer en Belgique \u00e0 nos frais avant de retourner chez lui ? Est-il normal qu\u2019un immigr\u00e9 n\u2019ayant jamais cotis\u00e9 puisse b\u00e9n\u00e9ficier de tous les avantages de la s\u00e9curit\u00e9 sociale ? Est-il logique que, pour une simple consultation, certaines personnes se rendent aux urgences afin de ne pas payer une consultation ? Il y a de s\u00e9rieuses \u00e9conomies \u00e0 faire dans ce domaine.<\/p>\n\n\n\n<p>Autre exemple, si on augmente le ticket mod\u00e9rateur chez le m\u00e9decin g\u00e9n\u00e9raliste de seulement 2 euros, \u00e7a permettrait d\u2019\u00e9conomiser un milliard d\u2019euros par an sur la s\u00e9curit\u00e9 sociale. Ce sont des pistes \u00e0 explorer pour d\u00e9gager des marges financi\u00e8res \u00e0 investir dans la D\u00e9fense, sans pour autant diminuer les avantages du syst\u00e8me.<\/p>\n\n\n\n<p>Nous avons en Belgique un manque de casernes et d&rsquo;\u00e9quipements, mais nous pourrions cr\u00e9er des alliances au sein de l&rsquo;OTAN pour partager nos ressources et ainsi permettre la cr\u00e9ation d&rsquo;un service militaire obligatoire europ\u00e9en. <strong>L&rsquo;Europe \u00e0 tout \u00e0 y gagner.<\/strong><\/p>\n\n\n\n<p>Alain Schenkels<\/p>\n\n\n\n<figure data-wp-context=\"{&quot;imageId&quot;:&quot;69f0cc24f0bac&quot;}\" data-wp-interactive=\"core\/image\" data-wp-key=\"69f0cc24f0bac\" class=\"wp-block-image size-full is-resized wp-lightbox-container\"><img loading=\"lazy\" decoding=\"async\" width=\"728\" height=\"1006\" data-wp-class--hide=\"state.isContentHidden\" data-wp-class--show=\"state.isContentVisible\" data-wp-init=\"callbacks.setButtonStyles\" data-wp-on--click=\"actions.showLightbox\" data-wp-on--load=\"callbacks.setButtonStyles\" data-wp-on-window--resize=\"callbacks.setButtonStyles\" src=\"http:\/\/rrb.be\/rrb\/wp-content\/uploads\/2025\/12\/Alain_Schenkels-1.jpg\" alt=\"\" class=\"wp-image-329\" style=\"width:211px;height:auto\" srcset=\"https:\/\/rrb.be\/rrb\/wp-content\/uploads\/2025\/12\/Alain_Schenkels-1.jpg 728w, https:\/\/rrb.be\/rrb\/wp-content\/uploads\/2025\/12\/Alain_Schenkels-1-217x300.jpg 217w\" sizes=\"auto, (max-width: 728px) 100vw, 728px\" \/><button\n\t\t\tclass=\"lightbox-trigger\"\n\t\t\ttype=\"button\"\n\t\t\taria-haspopup=\"dialog\"\n\t\t\taria-label=\"Enlarge\"\n\t\t\tdata-wp-init=\"callbacks.initTriggerButton\"\n\t\t\tdata-wp-on--click=\"actions.showLightbox\"\n\t\t\tdata-wp-style--right=\"state.imageButtonRight\"\n\t\t\tdata-wp-style--top=\"state.imageButtonTop\"\n\t\t>\n\t\t\t<svg xmlns=\"http:\/\/www.w3.org\/2000\/svg\" width=\"12\" height=\"12\" fill=\"none\" viewBox=\"0 0 12 12\">\n\t\t\t\t<path fill=\"#fff\" d=\"M2 0a2 2 0 0 0-2 2v2h1.5V2a.5.5 0 0 1 .5-.5h2V0H2Zm2 10.5H2a.5.5 0 0 1-.5-.5V8H0v2a2 2 0 0 0 2 2h2v-1.5ZM8 12v-1.5h2a.5.5 0 0 0 .5-.5V8H12v2a2 2 0 0 1-2 2H8Zm2-12a2 2 0 0 1 2 2v2h-1.5V2a.5.5 0 0 0-.5-.5H8V0h2Z\" \/>\n\t\t\t<\/svg>\n\t\t<\/button><\/figure>\n","protected":false},"excerpt":{"rendered":"<p>Carte blanche diffus\u00e9e dans le m\u00e9dia belge 21News : cliquez ICI Il est plus que temps de songer \u00e0 une r\u00e9instauration du service militaire en Belgique. La guerre en Ukraine a d\u00e9montr\u00e9 que nous ne pouvons plus rester longtemps les vassaux des Am\u00e9ricains. D\u2019autres arguments plaident pour un retour de la conscription obligatoire. Une opinion [&hellip;]<\/p>\n","protected":false},"author":1,"featured_media":1551,"comment_status":"closed","ping_status":"open","sticky":false,"template":"","format":"standard","meta":{"footnotes":""},"categories":[16,13],"tags":[],"class_list":["post-1550","post","type-post","status-publish","format-standard","has-post-thumbnail","hentry","category-armee-belge","category-carte-blanche"],"_links":{"self":[{"href":"https:\/\/rrb.be\/rrb\/wp-json\/wp\/v2\/posts\/1550","targetHints":{"allow":["GET"]}}],"collection":[{"href":"https:\/\/rrb.be\/rrb\/wp-json\/wp\/v2\/posts"}],"about":[{"href":"https:\/\/rrb.be\/rrb\/wp-json\/wp\/v2\/types\/post"}],"author":[{"embeddable":true,"href":"https:\/\/rrb.be\/rrb\/wp-json\/wp\/v2\/users\/1"}],"replies":[{"embeddable":true,"href":"https:\/\/rrb.be\/rrb\/wp-json\/wp\/v2\/comments?post=1550"}],"version-history":[{"count":2,"href":"https:\/\/rrb.be\/rrb\/wp-json\/wp\/v2\/posts\/1550\/revisions"}],"predecessor-version":[{"id":1553,"href":"https:\/\/rrb.be\/rrb\/wp-json\/wp\/v2\/posts\/1550\/revisions\/1553"}],"wp:featuredmedia":[{"embeddable":true,"href":"https:\/\/rrb.be\/rrb\/wp-json\/wp\/v2\/media\/1551"}],"wp:attachment":[{"href":"https:\/\/rrb.be\/rrb\/wp-json\/wp\/v2\/media?parent=1550"}],"wp:term":[{"taxonomy":"category","embeddable":true,"href":"https:\/\/rrb.be\/rrb\/wp-json\/wp\/v2\/categories?post=1550"},{"taxonomy":"post_tag","embeddable":true,"href":"https:\/\/rrb.be\/rrb\/wp-json\/wp\/v2\/tags?post=1550"}],"curies":[{"name":"wp","href":"https:\/\/api.w.org\/{rel}","templated":true}]}}