{"id":1515,"date":"2025-08-18T09:27:00","date_gmt":"2025-08-18T09:27:00","guid":{"rendered":"https:\/\/rrb.be\/rrb\/?p=1515"},"modified":"2026-02-08T10:09:39","modified_gmt":"2026-02-08T10:09:39","slug":"le-18-aout-1944-est-inscrit-dans-nos-memoires-courcelloises-et-carolos-caroline-taquin","status":"publish","type":"post","link":"https:\/\/rrb.be\/rrb\/le-18-aout-1944-est-inscrit-dans-nos-memoires-courcelloises-et-carolos-caroline-taquin\/","title":{"rendered":"Le 18 ao\u00fbt 1944 est inscrit dans nos m\u00e9moires courcelloises et carolos (Caroline Taquin)"},"content":{"rendered":"\n<p><strong>Le 18 ao\u00fbt 1944 est inscrit dans nos m\u00e9moires courcelloises et carolos. Un chapitre tellement sombre dans le catalogues des atrocit\u00e9s perp\u00e9tr\u00e9es par les rexistes durant la guerre. Au nom de l\u2019Humanit\u00e9, de la Paix, de la Libert\u00e9, de la R\u00e9sistance, nous nous sommes r\u00e9unis pour comm\u00e9morer les victimes de la \u00ab Tuerie du Rognac \u00bb.<\/strong><\/p>\n\n\n\n<p>Comme chaque ann\u00e9e, celle-ci nous permet de nous rem\u00e9morer les faits tragiques qui se sont produits et nous souvenir des innocents morts par barbarie ! Rappelons-nous\u2026 Le 17 ao\u00fbt 1944, les rexistes partent en \u00ab exp\u00e9dition punitive \u00bb et engage une r\u00e9pression f\u00e9roce dans la r\u00e9gion de Charleroi.<\/p>\n\n\n\n<p>Une vingtaine de personnes innocentes sont arr\u00eat\u00e9es et s\u00e9questr\u00e9es dans une cave d\u2019une maison toute proche. Au terme d\u2019une nuit d\u2019angoisse, le 18 ao\u00fbt, \u00e0 l\u2019aube, les otages furent ex\u00e9cut\u00e9s sans piti\u00e9 l\u2019un apr\u00e8s l\u2019autre sur la rue, d\u2019une balle dans la nuque. Les corps des victimes seront jet\u00e9s sans respect sous les fen\u00eatres d\u2019une maison par vengeance mais aussi pour faire r\u00e9gner la peur\u00a0!<\/p>\n\n\n\n<p>Parmi les victimes figurent des personnes au hasard et aussi choisies par leurs bourreaux :<br>Charles Brognez, Joseph Bureau, L\u00e9on Coton, Paul Coton, Raymond Delvaux, Suzanne Carmen Lebas, Elisabeth Deridder, Oscar Deulin, L\u00e9on Gilles, Pierre Harmignie, Roger Hoslet, Edmond Huberland, Louis Jasmes, Augusta Longneaux, L\u00e9once Mayence, Victor-Fran\u00e7ois Michel, Auguste Nolard, Athur Stilmant, Marguerite Depasse, Paul Van De Berghe.<\/p>\n\n\n\n<p><strong>Devoir de m\u00e9moire, ne jamais oublier, merci de nous le rappeler\u00a0!<\/strong><\/p>\n\n\n\n<figure class=\"wp-block-image size-large\"><img loading=\"lazy\" decoding=\"async\" width=\"1024\" height=\"1024\" src=\"https:\/\/rrb.be\/rrb\/wp-content\/uploads\/2026\/01\/Le-18-aout-1944-est-inscrit-dans-nos-memoires-courcelloises-et-carolos-2-1024x1024.jpg\" alt=\"\" class=\"wp-image-1517\" srcset=\"https:\/\/rrb.be\/rrb\/wp-content\/uploads\/2026\/01\/Le-18-aout-1944-est-inscrit-dans-nos-memoires-courcelloises-et-carolos-2-1024x1024.jpg 1024w, https:\/\/rrb.be\/rrb\/wp-content\/uploads\/2026\/01\/Le-18-aout-1944-est-inscrit-dans-nos-memoires-courcelloises-et-carolos-2-300x300.jpg 300w, https:\/\/rrb.be\/rrb\/wp-content\/uploads\/2026\/01\/Le-18-aout-1944-est-inscrit-dans-nos-memoires-courcelloises-et-carolos-2-150x150.jpg 150w, https:\/\/rrb.be\/rrb\/wp-content\/uploads\/2026\/01\/Le-18-aout-1944-est-inscrit-dans-nos-memoires-courcelloises-et-carolos-2-768x768.jpg 768w, https:\/\/rrb.be\/rrb\/wp-content\/uploads\/2026\/01\/Le-18-aout-1944-est-inscrit-dans-nos-memoires-courcelloises-et-carolos-2.jpg 1440w\" sizes=\"auto, (max-width: 1024px) 100vw, 1024px\" \/><\/figure>\n","protected":false},"excerpt":{"rendered":"<p>Le 18 ao\u00fbt 1944 est inscrit dans nos m\u00e9moires courcelloises et carolos. Un chapitre tellement sombre dans le catalogues des atrocit\u00e9s perp\u00e9tr\u00e9es par les rexistes durant la guerre. Au nom de l\u2019Humanit\u00e9, de la Paix, de la Libert\u00e9, de la R\u00e9sistance, nous nous sommes r\u00e9unis pour comm\u00e9morer les victimes de la \u00ab Tuerie du Rognac [&hellip;]<\/p>\n","protected":false},"author":1,"featured_media":1516,"comment_status":"closed","ping_status":"open","sticky":false,"template":"","format":"standard","meta":{"footnotes":""},"categories":[4,20],"tags":[],"class_list":["post-1515","post","type-post","status-publish","format-standard","has-post-thumbnail","hentry","category-belgique","category-seconde-guerre-mondiale"],"_links":{"self":[{"href":"https:\/\/rrb.be\/rrb\/wp-json\/wp\/v2\/posts\/1515","targetHints":{"allow":["GET"]}}],"collection":[{"href":"https:\/\/rrb.be\/rrb\/wp-json\/wp\/v2\/posts"}],"about":[{"href":"https:\/\/rrb.be\/rrb\/wp-json\/wp\/v2\/types\/post"}],"author":[{"embeddable":true,"href":"https:\/\/rrb.be\/rrb\/wp-json\/wp\/v2\/users\/1"}],"replies":[{"embeddable":true,"href":"https:\/\/rrb.be\/rrb\/wp-json\/wp\/v2\/comments?post=1515"}],"version-history":[{"count":1,"href":"https:\/\/rrb.be\/rrb\/wp-json\/wp\/v2\/posts\/1515\/revisions"}],"predecessor-version":[{"id":1518,"href":"https:\/\/rrb.be\/rrb\/wp-json\/wp\/v2\/posts\/1515\/revisions\/1518"}],"wp:featuredmedia":[{"embeddable":true,"href":"https:\/\/rrb.be\/rrb\/wp-json\/wp\/v2\/media\/1516"}],"wp:attachment":[{"href":"https:\/\/rrb.be\/rrb\/wp-json\/wp\/v2\/media?parent=1515"}],"wp:term":[{"taxonomy":"category","embeddable":true,"href":"https:\/\/rrb.be\/rrb\/wp-json\/wp\/v2\/categories?post=1515"},{"taxonomy":"post_tag","embeddable":true,"href":"https:\/\/rrb.be\/rrb\/wp-json\/wp\/v2\/tags?post=1515"}],"curies":[{"name":"wp","href":"https:\/\/api.w.org\/{rel}","templated":true}]}}