{"id":1484,"date":"2025-07-15T19:15:00","date_gmt":"2025-07-15T19:15:00","guid":{"rendered":"https:\/\/rrb.be\/rrb\/?p=1484"},"modified":"2026-01-10T19:17:09","modified_gmt":"2026-01-10T19:17:09","slug":"guerre-en-ukraine-des-soldats-allemands-sont-prets-a-tuer-des-soldats-russes-en-cas-dattaque-sur-un-pays-membre-de-lotan-dixit-le-ministre-allemand-de","status":"publish","type":"post","link":"https:\/\/rrb.be\/rrb\/guerre-en-ukraine-des-soldats-allemands-sont-prets-a-tuer-des-soldats-russes-en-cas-dattaque-sur-un-pays-membre-de-lotan-dixit-le-ministre-allemand-de\/","title":{"rendered":"Guerre en Ukraine\u00a0: \u00ab\u00a0Des soldats Allemands sont pr\u00eats \u00e0 tuer des soldats Russes\u00a0\u00bb en cas d\u2019attaque sur un pays membre de l\u2019Otan, dixit le Ministre allemand de la D\u00e9fense (Margaux Masson L\u2019Independant)"},"content":{"rendered":"\n<p>Le chancelier allemand Friedrich Merz avait pr\u00e9c\u00e9demment rendu public son ambition de faire de l\u2019Allemagne&nbsp;<em>\u00ab&nbsp;l\u2019arm\u00e9e conventionnelle la plus puissante d\u2019Europe&nbsp;\u00bb.<\/em><\/p>\n\n\n\n<p>Apr\u00e8s Donald Trump, c\u2019est au tour de l\u2019Allemagne de durcir le ton contre Moscou.&nbsp;Le ministre allemand de la D\u00e9fense, Boris Pistorius, a affirm\u00e9 ce lundi 14&nbsp;juillet qu\u2019en cas d\u2019attaque sur un pays membres de l\u2019Otan,&nbsp;<strong>les troupes de la Budeswehr \u00e9taient<em>&nbsp;\u00ab&nbsp;pr\u00eates \u00e0 tuer les soldats russes&nbsp;\u00bb<\/em>.<\/strong><\/p>\n\n\n\n<p>Ce mardi 15&nbsp;juillet, Moscou fait face \u00e0 de multiples menaces. T\u00f4t, ce matin,&nbsp;Donald Trump a impos\u00e9 \u00e0 la Russie un ultimatum de 50 jours&nbsp;pour mettre fin \u00e0 la guerre qui l\u2019oppose \u00e0 l\u2019Ukraine, en plus de menacer le Kremlin de droit de douane de 100 \u00e0 500&nbsp;%.<\/p>\n\n\n\n<p>Juste avant les annonces de Washington, le ministre allemand de la D\u00e9fense Boris Pistorius s\u2019\u00e9tait entretenu le 14&nbsp;juillet dernier avec le&nbsp;<em>Financial Times<\/em>. Dans les colonnes du journal britannique,<strong>&nbsp;il a d\u00e9clar\u00e9 que ses troupes \u00e9taient \u00ab&nbsp;pr\u00eates&nbsp;\u00bb \u00e0 tuer des soldats russes<\/strong>&nbsp;en cas d\u2019attaque sur un pays membre de l\u2019Otan.<br><br>Lire la suite de l\u2019article dans&nbsp;<a href=\"https:\/\/www.lindependant.fr\/2025\/07\/15\/guerre-en-ukraine-des-soldats-allemands-sont-prets-a-tuer-des-russes-le-ministre-allemand-de-la-defense-necarte-pas-une-confrontation-directe-avec-12826386.php\" target=\"_blank\" rel=\"noreferrer noopener\">l\u2019Independant<\/a><\/p>\n\n\n\n<hr class=\"wp-block-separator has-alpha-channel-opacity\"\/>\n\n\n\n<blockquote class=\"wp-block-quote is-layout-flow wp-block-quote-is-layout-flow\">\n<p><strong>Conclusion<\/strong><br>Nous ne voulons pas la guerre ;<br>Nous ne souhaitons pas la guerre ;<br>Nous aspirons \u00e0 vivre en paix.<br>Toutefois, nous ne pouvons en aucun cas accepter une attaque contre un pays membre de l\u2019OTAN.<br>Si la Russie d\u00e9clare la guerre \u00e0 un pays membre,&nbsp;<strong>tous<\/strong>&nbsp;les \u00c9tats membres devront envoyer leurs troupes pour d\u00e9fendre le pays attaqu\u00e9 et elles devront se battre contre les soldats russes.<\/p>\n<\/blockquote>\n\n\n\n<p>En vertu de l\u2019article 5 du trait\u00e9 de l\u2019Atlantique Nord, l\u2019OTAN est fond\u00e9e sur le principe de la&nbsp;d\u00e9fense collective. Une attaque arm\u00e9e contre un pays membre est consid\u00e9r\u00e9e comme une attaque dirig\u00e9e contre l\u2019ensemble de l\u2019Alliance. Dans une telle situation, chaque \u00c9tat membre s\u2019engage \u00e0 prendre les mesures qu\u2019il juge n\u00e9cessaires \u2013 y compris le recours \u00e0 la force arm\u00e9e \u2013 pour porter assistance au pays attaqu\u00e9 et r\u00e9tablir la s\u00e9curit\u00e9 dans la r\u00e9gion de l\u2019Atlantique Nord.<\/p>\n\n\n\n<p>Cette solidarit\u00e9, v\u00e9ritable pierre angulaire de l\u2019OTAN, vise \u00e0 garantir la libert\u00e9 et la s\u00e9curit\u00e9 de tous les Alli\u00e9s face \u00e0 toute menace. Les r\u00e8gles d\u2019engagement des soldats sera de d\u00e9fendre militairement le pays vis\u00e9 \u2013 et, par extension, l\u2019ensemble de l\u2019OTAN \u2013 en neutralisant tout soldat ennemi (le tuer ou le capturer).<br>La r\u00e9action militaire de l\u2019OTAN doit \u00eatre \u00e0 la hauteur de la gravit\u00e9 de l\u2019agression, il en va de la sauvegarde de nos d\u00e9mocraties, de nos libert\u00e9s, de nos vies.<\/p>\n\n\n\n<p>Par Alain Schenkels<\/p>\n\n\n\n<figure data-wp-context=\"{&quot;imageId&quot;:&quot;69f1004c5e69f&quot;}\" data-wp-interactive=\"core\/image\" data-wp-key=\"69f1004c5e69f\" class=\"wp-block-image size-full is-resized wp-lightbox-container\"><img loading=\"lazy\" decoding=\"async\" width=\"728\" height=\"1006\" data-wp-class--hide=\"state.isContentHidden\" data-wp-class--show=\"state.isContentVisible\" data-wp-init=\"callbacks.setButtonStyles\" data-wp-on--click=\"actions.showLightbox\" data-wp-on--load=\"callbacks.setButtonStyles\" data-wp-on-window--resize=\"callbacks.setButtonStyles\" src=\"http:\/\/rrb.be\/rrb\/wp-content\/uploads\/2025\/12\/Alain_Schenkels-1.jpg\" alt=\"\" class=\"wp-image-329\" style=\"aspect-ratio:0.7236749116607774;width:234px;height:auto\" srcset=\"https:\/\/rrb.be\/rrb\/wp-content\/uploads\/2025\/12\/Alain_Schenkels-1.jpg 728w, https:\/\/rrb.be\/rrb\/wp-content\/uploads\/2025\/12\/Alain_Schenkels-1-217x300.jpg 217w\" sizes=\"auto, (max-width: 728px) 100vw, 728px\" \/><button\n\t\t\tclass=\"lightbox-trigger\"\n\t\t\ttype=\"button\"\n\t\t\taria-haspopup=\"dialog\"\n\t\t\taria-label=\"Enlarge\"\n\t\t\tdata-wp-init=\"callbacks.initTriggerButton\"\n\t\t\tdata-wp-on--click=\"actions.showLightbox\"\n\t\t\tdata-wp-style--right=\"state.imageButtonRight\"\n\t\t\tdata-wp-style--top=\"state.imageButtonTop\"\n\t\t>\n\t\t\t<svg xmlns=\"http:\/\/www.w3.org\/2000\/svg\" width=\"12\" height=\"12\" fill=\"none\" viewBox=\"0 0 12 12\">\n\t\t\t\t<path fill=\"#fff\" d=\"M2 0a2 2 0 0 0-2 2v2h1.5V2a.5.5 0 0 1 .5-.5h2V0H2Zm2 10.5H2a.5.5 0 0 1-.5-.5V8H0v2a2 2 0 0 0 2 2h2v-1.5ZM8 12v-1.5h2a.5.5 0 0 0 .5-.5V8H12v2a2 2 0 0 1-2 2H8Zm2-12a2 2 0 0 1 2 2v2h-1.5V2a.5.5 0 0 0-.5-.5H8V0h2Z\" \/>\n\t\t\t<\/svg>\n\t\t<\/button><\/figure>\n\n\n\n<p><\/p>\n","protected":false},"excerpt":{"rendered":"<p>Le chancelier allemand Friedrich Merz avait pr\u00e9c\u00e9demment rendu public son ambition de faire de l\u2019Allemagne&nbsp;\u00ab&nbsp;l\u2019arm\u00e9e conventionnelle la plus puissante d\u2019Europe&nbsp;\u00bb. Apr\u00e8s Donald Trump, c\u2019est au tour de l\u2019Allemagne de durcir le ton contre Moscou.&nbsp;Le ministre allemand de la D\u00e9fense, Boris Pistorius, a affirm\u00e9 ce lundi 14&nbsp;juillet qu\u2019en cas d\u2019attaque sur un pays membres de l\u2019Otan,&nbsp;les [&hellip;]<\/p>\n","protected":false},"author":1,"featured_media":1485,"comment_status":"closed","ping_status":"open","sticky":false,"template":"","format":"standard","meta":{"footnotes":""},"categories":[3,5],"tags":[],"class_list":["post-1484","post","type-post","status-publish","format-standard","has-post-thumbnail","hentry","category-guerre-russie-ukraine","category-international"],"_links":{"self":[{"href":"https:\/\/rrb.be\/rrb\/wp-json\/wp\/v2\/posts\/1484","targetHints":{"allow":["GET"]}}],"collection":[{"href":"https:\/\/rrb.be\/rrb\/wp-json\/wp\/v2\/posts"}],"about":[{"href":"https:\/\/rrb.be\/rrb\/wp-json\/wp\/v2\/types\/post"}],"author":[{"embeddable":true,"href":"https:\/\/rrb.be\/rrb\/wp-json\/wp\/v2\/users\/1"}],"replies":[{"embeddable":true,"href":"https:\/\/rrb.be\/rrb\/wp-json\/wp\/v2\/comments?post=1484"}],"version-history":[{"count":1,"href":"https:\/\/rrb.be\/rrb\/wp-json\/wp\/v2\/posts\/1484\/revisions"}],"predecessor-version":[{"id":1486,"href":"https:\/\/rrb.be\/rrb\/wp-json\/wp\/v2\/posts\/1484\/revisions\/1486"}],"wp:featuredmedia":[{"embeddable":true,"href":"https:\/\/rrb.be\/rrb\/wp-json\/wp\/v2\/media\/1485"}],"wp:attachment":[{"href":"https:\/\/rrb.be\/rrb\/wp-json\/wp\/v2\/media?parent=1484"}],"wp:term":[{"taxonomy":"category","embeddable":true,"href":"https:\/\/rrb.be\/rrb\/wp-json\/wp\/v2\/categories?post=1484"},{"taxonomy":"post_tag","embeddable":true,"href":"https:\/\/rrb.be\/rrb\/wp-json\/wp\/v2\/tags?post=1484"}],"curies":[{"name":"wp","href":"https:\/\/api.w.org\/{rel}","templated":true}]}}