{"id":1477,"date":"2025-07-06T19:06:00","date_gmt":"2025-07-06T19:06:00","guid":{"rendered":"https:\/\/rrb.be\/rrb\/?p=1477"},"modified":"2026-01-10T19:08:08","modified_gmt":"2026-01-10T19:08:08","slug":"a-la-frontiere-allemande-les-polonais-sorganisent-en-milices-pour-refouler-les-migrants-alexandre-mendel-lejdd","status":"publish","type":"post","link":"https:\/\/rrb.be\/rrb\/a-la-frontiere-allemande-les-polonais-sorganisent-en-milices-pour-refouler-les-migrants-alexandre-mendel-lejdd\/","title":{"rendered":"A la fronti\u00e8re allemande, les Polonais s\u2019organisent en milices pour refouler les migrants (Alexandre Mendel \u2013 LeJDD)"},"content":{"rendered":"\n<blockquote class=\"wp-block-quote is-layout-flow wp-block-quote-is-layout-flow\">\n<p>MILICES. \u00c0 la fronti\u00e8re germano-polonaise, des \u00ab&nbsp;patrouilles citoyennes&nbsp;\u00bb surveillent l\u2019afflux de sans-papiers refoul\u00e9s par l\u2019Allemagne. Une initiative controvers\u00e9e, alors que Varsovie a annonc\u00e9 le r\u00e9tablissement temporaire des contr\u00f4les.<\/p>\n<\/blockquote>\n\n\n\n<p>La fronti\u00e8re est presque invisible \u00e0 cet endroit. Une route \u00e0 deux voies bord\u00e9es de sapins, des camions qui ronronnent au loin, un ancien poste de douane \u00e0 l\u2019abandon. \u00c0 l\u2019extr\u00eame nord-ouest de la Pologne, \u00e0 une dizaine de kilom\u00e8tres de Szczecin, Lubieszyn n\u2019est qu\u2019un petit village coinc\u00e9 entre les for\u00eats de pins et la nationale&nbsp;10, face \u00e0 la ville allemande de L\u00f6cknitz. \u00c0 peine \u00e9clair\u00e9e par la lueur jaune des lampadaires, la Pologne commence l\u00e0, marqu\u00e9e par un panneau bleu \u00e9toil\u00e9 et des rubans rouges et blancs flottant au vent.<\/p>\n\n\n\n<p>Dans ce th\u00e9\u00e2tre d\u2019ombres, la for\u00eat tient son r\u00f4le, compacte et muette, tandis que la fronti\u00e8re devient une sc\u00e8ne o\u00f9 se joue la cr\u00e9dibilit\u00e9 de l\u2019\u00c9tat. Sur le bas-c\u00f4t\u00e9, ils sont une soixantaine, debout dans le vent frais de juillet, formant une colonne silencieuse. Des hommes, jeunes pour la plupart, encapuchonn\u00e9s, lampes torches en mains, certains avec des brassards rouges et blancs o\u00f9 on lit \u00ab&nbsp;Obrona Granic&nbsp;\u00bb&nbsp;: \u00ab&nbsp;D\u00e9fense des fronti\u00e8res&nbsp;\u00bb. Depuis fin juin, ces \u00ab&nbsp;patrouilles citoyennes&nbsp;\u00bb, compos\u00e9es souvent de plusieurs centaines d\u2019hommes, se relaient aux abords des routes frontali\u00e8res avec l\u2019Allemagne.<\/p>\n\n\n\n<p>Lire la suite de l\u2019article dans&nbsp;<a href=\"https:\/\/www.lejdd.fr\/International\/a-la-frontiere-allemande-les-polonais-sorganisent-en-milices-pour-refouler-les-migrants-159862\" target=\"_blank\" rel=\"noreferrer noopener\">LeJDD<\/a><\/p>\n\n\n\n<figure class=\"wp-block-image size-large\"><img loading=\"lazy\" decoding=\"async\" width=\"819\" height=\"1024\" src=\"https:\/\/rrb.be\/rrb\/wp-content\/uploads\/2026\/01\/A-la-frontiere-allemande-les-Polonais-sorganisent-en-milices-pour-rejouler-les-migrants-LeJDD-2-1228x1536-1-819x1024.jpeg\" alt=\"\" class=\"wp-image-1479\" srcset=\"https:\/\/rrb.be\/rrb\/wp-content\/uploads\/2026\/01\/A-la-frontiere-allemande-les-Polonais-sorganisent-en-milices-pour-rejouler-les-migrants-LeJDD-2-1228x1536-1-819x1024.jpeg 819w, https:\/\/rrb.be\/rrb\/wp-content\/uploads\/2026\/01\/A-la-frontiere-allemande-les-Polonais-sorganisent-en-milices-pour-rejouler-les-migrants-LeJDD-2-1228x1536-1-240x300.jpeg 240w, https:\/\/rrb.be\/rrb\/wp-content\/uploads\/2026\/01\/A-la-frontiere-allemande-les-Polonais-sorganisent-en-milices-pour-rejouler-les-migrants-LeJDD-2-1228x1536-1-768x961.jpeg 768w, https:\/\/rrb.be\/rrb\/wp-content\/uploads\/2026\/01\/A-la-frontiere-allemande-les-Polonais-sorganisent-en-milices-pour-rejouler-les-migrants-LeJDD-2-1228x1536-1.jpeg 1228w\" sizes=\"auto, (max-width: 819px) 100vw, 819px\" \/><\/figure>\n\n\n\n<p><\/p>\n","protected":false},"excerpt":{"rendered":"<p>MILICES. \u00c0 la fronti\u00e8re germano-polonaise, des \u00ab&nbsp;patrouilles citoyennes&nbsp;\u00bb surveillent l\u2019afflux de sans-papiers refoul\u00e9s par l\u2019Allemagne. Une initiative controvers\u00e9e, alors que Varsovie a annonc\u00e9 le r\u00e9tablissement temporaire des contr\u00f4les. La fronti\u00e8re est presque invisible \u00e0 cet endroit. Une route \u00e0 deux voies bord\u00e9es de sapins, des camions qui ronronnent au loin, un ancien poste de douane [&hellip;]<\/p>\n","protected":false},"author":1,"featured_media":1478,"comment_status":"closed","ping_status":"open","sticky":false,"template":"","format":"standard","meta":{"footnotes":""},"categories":[5],"tags":[],"class_list":["post-1477","post","type-post","status-publish","format-standard","has-post-thumbnail","hentry","category-international"],"_links":{"self":[{"href":"https:\/\/rrb.be\/rrb\/wp-json\/wp\/v2\/posts\/1477","targetHints":{"allow":["GET"]}}],"collection":[{"href":"https:\/\/rrb.be\/rrb\/wp-json\/wp\/v2\/posts"}],"about":[{"href":"https:\/\/rrb.be\/rrb\/wp-json\/wp\/v2\/types\/post"}],"author":[{"embeddable":true,"href":"https:\/\/rrb.be\/rrb\/wp-json\/wp\/v2\/users\/1"}],"replies":[{"embeddable":true,"href":"https:\/\/rrb.be\/rrb\/wp-json\/wp\/v2\/comments?post=1477"}],"version-history":[{"count":1,"href":"https:\/\/rrb.be\/rrb\/wp-json\/wp\/v2\/posts\/1477\/revisions"}],"predecessor-version":[{"id":1480,"href":"https:\/\/rrb.be\/rrb\/wp-json\/wp\/v2\/posts\/1477\/revisions\/1480"}],"wp:featuredmedia":[{"embeddable":true,"href":"https:\/\/rrb.be\/rrb\/wp-json\/wp\/v2\/media\/1478"}],"wp:attachment":[{"href":"https:\/\/rrb.be\/rrb\/wp-json\/wp\/v2\/media?parent=1477"}],"wp:term":[{"taxonomy":"category","embeddable":true,"href":"https:\/\/rrb.be\/rrb\/wp-json\/wp\/v2\/categories?post=1477"},{"taxonomy":"post_tag","embeddable":true,"href":"https:\/\/rrb.be\/rrb\/wp-json\/wp\/v2\/tags?post=1477"}],"curies":[{"name":"wp","href":"https:\/\/api.w.org\/{rel}","templated":true}]}}