{"id":1474,"date":"2025-07-16T19:03:00","date_gmt":"2025-07-16T19:03:00","guid":{"rendered":"https:\/\/rrb.be\/rrb\/?page_id=1474"},"modified":"2026-02-05T14:43:48","modified_gmt":"2026-02-05T14:43:48","slug":"massacre-des-druzes-en-syrie-israel-protecteur-la-gauche-europeenne-silencieuse-all-with-us-tous-avec-nous","status":"publish","type":"post","link":"https:\/\/rrb.be\/rrb\/massacre-des-druzes-en-syrie-israel-protecteur-la-gauche-europeenne-silencieuse-all-with-us-tous-avec-nous\/","title":{"rendered":"Massacre des Druzes en Syrie : Isra\u00ebl protecteur, la gauche europ\u00e9enne silencieuse (All With Us-Tous Avec Nous)"},"content":{"rendered":"\n<p>Depuis la chute de Bachar al-Assad en d\u00e9cembre 2024, les Druzes de Syrie, concentr\u00e9s \u00e0 Soue\u00efda et pr\u00e8s de Damas, subissent des violences confessionnelles de milices sunnites li\u00e9es au pouvoir islamiste d\u2019Ahmed al-Charaa (HTS).<\/p>\n\n\n\n<p>En avril 2025, 102 personnes ont \u00e9t\u00e9 tu\u00e9es en 48 heures pr\u00e8s de Damas, et en juillet, 99 autres \u00e0 Soue\u00efda, selon l\u2019OSDH.<\/p>\n\n\n\n<p>Le cheikh druze Hikmat al-Hijri d\u00e9nonce un \u00ab g\u00e9nocide \u00bb, accusant le r\u00e9gime de complicit\u00e9.<\/p>\n\n\n\n<p>Face \u00e0 cette trag\u00e9die, Isra\u00ebl, o\u00f9 vivent 150 000 Druzes int\u00e9gr\u00e9s, se pose en protecteur, menant depuis mai 2025 des frappes a\u00e9riennes en Syrie, notamment pr\u00e8s du palais pr\u00e9sidentiel de Damas, pour dissuader les attaques. Ces interventions, critiqu\u00e9es par l\u2019ONU, sont salu\u00e9es par certains Druzes comme un rempart contre les milices extr\u00e9mistes.<\/p>\n\n\n\n<p>Pourtant, la gauche fran\u00e7aise et europ\u00e9enne reste muette. Focalis\u00e9e sur Gaza, elle ignore les exactions contre les Druzes, r\u00e9v\u00e9lant une indignation s\u00e9lective. Ni Jean-Luc ,M\u00e9lenchon ni Olivier Faure n\u2019ont condamn\u00e9 ces massacres, et Emmanuel Macron a re\u00e7u al-Charaa sans \u00e9voquer la crise.<\/p>\n\n\n\n<p><strong>Sur X, des voix s\u2019indignent : \u00ab Silence m\u00e9diatique sur le massacre des Druzes, pendant qu\u2019Isra\u00ebl agit. \u00bb<\/strong><\/p>\n\n\n\n<p>Cette indiff\u00e9rence trahit les valeurs universalistes de la gauche. Les 700 000 Druzes syriens, cherchant \u00e0 pr\u00e9server leur autonomie, m\u00e9ritent une mobilisation internationale. La gauche doit condamner ces violences et reconna\u00eetre la complexit\u00e9 du r\u00f4le d\u2019Isra\u00ebl, sans se limiter \u00e0 des postures id\u00e9ologiques. Une transition inclusive en Syrie est urgente pour prot\u00e9ger les minorit\u00e9s.<\/p>\n\n\n\n<p>Source&nbsp;<a href=\"https:\/\/www.facebook.com\/allwithustousavecnous\" target=\"_blank\" rel=\"noreferrer noopener\"><strong>All With Us-Tous Avec Nous<\/strong><\/a><\/p>\n","protected":false},"excerpt":{"rendered":"<p>Depuis la chute de Bachar al-Assad en d\u00e9cembre 2024, les Druzes de Syrie, concentr\u00e9s \u00e0 Soue\u00efda et pr\u00e8s de Damas, subissent des violences confessionnelles de milices sunnites li\u00e9es au pouvoir islamiste d\u2019Ahmed al-Charaa (HTS). En avril 2025, 102 personnes ont \u00e9t\u00e9 tu\u00e9es en 48 heures pr\u00e8s de Damas, et en juillet, 99 autres \u00e0 Soue\u00efda, [&hellip;]<\/p>\n","protected":false},"author":1,"featured_media":1475,"comment_status":"closed","ping_status":"closed","sticky":false,"template":"","format":"standard","meta":{"footnotes":""},"categories":[18,5],"tags":[],"class_list":["post-1474","post","type-post","status-publish","format-standard","has-post-thumbnail","hentry","category-conflits-guerres","category-international"],"_links":{"self":[{"href":"https:\/\/rrb.be\/rrb\/wp-json\/wp\/v2\/posts\/1474","targetHints":{"allow":["GET"]}}],"collection":[{"href":"https:\/\/rrb.be\/rrb\/wp-json\/wp\/v2\/posts"}],"about":[{"href":"https:\/\/rrb.be\/rrb\/wp-json\/wp\/v2\/types\/post"}],"author":[{"embeddable":true,"href":"https:\/\/rrb.be\/rrb\/wp-json\/wp\/v2\/users\/1"}],"replies":[{"embeddable":true,"href":"https:\/\/rrb.be\/rrb\/wp-json\/wp\/v2\/comments?post=1474"}],"version-history":[{"count":1,"href":"https:\/\/rrb.be\/rrb\/wp-json\/wp\/v2\/posts\/1474\/revisions"}],"predecessor-version":[{"id":1476,"href":"https:\/\/rrb.be\/rrb\/wp-json\/wp\/v2\/posts\/1474\/revisions\/1476"}],"wp:featuredmedia":[{"embeddable":true,"href":"https:\/\/rrb.be\/rrb\/wp-json\/wp\/v2\/media\/1475"}],"wp:attachment":[{"href":"https:\/\/rrb.be\/rrb\/wp-json\/wp\/v2\/media?parent=1474"}],"wp:term":[{"taxonomy":"category","embeddable":true,"href":"https:\/\/rrb.be\/rrb\/wp-json\/wp\/v2\/categories?post=1474"},{"taxonomy":"post_tag","embeddable":true,"href":"https:\/\/rrb.be\/rrb\/wp-json\/wp\/v2\/tags?post=1474"}],"curies":[{"name":"wp","href":"https:\/\/api.w.org\/{rel}","templated":true}]}}