{"id":10,"date":"2025-07-21T10:59:07","date_gmt":"2025-07-21T10:59:07","guid":{"rendered":"https:\/\/rrb.be\/rrb\/?page_id=10"},"modified":"2026-02-05T14:42:35","modified_gmt":"2026-02-05T14:42:35","slug":"21-juillet-2025-le-defile-militaire","status":"publish","type":"post","link":"https:\/\/rrb.be\/rrb\/21-juillet-2025-le-defile-militaire\/","title":{"rendered":"21 juillet 2025, le d\u00e9fil\u00e9 militaire"},"content":{"rendered":"\n<p>Vid\u00e9o de pr\u00e9sentation :<\/p>\n\n\n\n<video controls width=\"720\"> <source src=\"https:\/\/www.rrb.be\/Vid_Fete_Nationale_2025.mp4\" type=\"video\/mp4\"> Votre navigateur ne supporte pas la vid\u00e9o HTML5. <\/video>\n\n\n\n<p>Reportage photos :<\/p>\n\n\n\n<figure class=\"wp-block-gallery has-nested-images columns-default is-cropped wp-block-gallery-1 is-layout-flex wp-block-gallery-is-layout-flex\">\n<figure class=\"wp-block-image size-large\"><img loading=\"lazy\" decoding=\"async\" width=\"1024\" height=\"769\" data-id=\"140\" src=\"https:\/\/rrb.be\/rrb\/wp-content\/uploads\/2025\/12\/Fete-nationale-2025-2-1-1024x769.jpg\" alt=\"\" class=\"wp-image-140\" srcset=\"https:\/\/rrb.be\/rrb\/wp-content\/uploads\/2025\/12\/Fete-nationale-2025-2-1-1024x769.jpg 1024w, https:\/\/rrb.be\/rrb\/wp-content\/uploads\/2025\/12\/Fete-nationale-2025-2-1-300x225.jpg 300w, https:\/\/rrb.be\/rrb\/wp-content\/uploads\/2025\/12\/Fete-nationale-2025-2-1-768x576.jpg 768w, https:\/\/rrb.be\/rrb\/wp-content\/uploads\/2025\/12\/Fete-nationale-2025-2-1-1536x1153.jpg 1536w, https:\/\/rrb.be\/rrb\/wp-content\/uploads\/2025\/12\/Fete-nationale-2025-2-1.jpg 1600w\" sizes=\"auto, (max-width: 1024px) 100vw, 1024px\" \/><\/figure>\n\n\n\n<figure class=\"wp-block-image size-large\"><img loading=\"lazy\" decoding=\"async\" width=\"1024\" height=\"769\" data-id=\"141\" src=\"https:\/\/rrb.be\/rrb\/wp-content\/uploads\/2025\/12\/Fete-nationale-2025-3-1-1024x769.jpg\" alt=\"\" class=\"wp-image-141\" srcset=\"https:\/\/rrb.be\/rrb\/wp-content\/uploads\/2025\/12\/Fete-nationale-2025-3-1-1024x769.jpg 1024w, https:\/\/rrb.be\/rrb\/wp-content\/uploads\/2025\/12\/Fete-nationale-2025-3-1-300x225.jpg 300w, https:\/\/rrb.be\/rrb\/wp-content\/uploads\/2025\/12\/Fete-nationale-2025-3-1-768x576.jpg 768w, https:\/\/rrb.be\/rrb\/wp-content\/uploads\/2025\/12\/Fete-nationale-2025-3-1-1536x1153.jpg 1536w, https:\/\/rrb.be\/rrb\/wp-content\/uploads\/2025\/12\/Fete-nationale-2025-3-1.jpg 1600w\" sizes=\"auto, (max-width: 1024px) 100vw, 1024px\" \/><\/figure>\n\n\n\n<figure class=\"wp-block-image size-large\"><img loading=\"lazy\" decoding=\"async\" width=\"1024\" height=\"769\" data-id=\"142\" src=\"https:\/\/rrb.be\/rrb\/wp-content\/uploads\/2025\/12\/Fete-nationale-2025-4-1-1024x769.jpg\" alt=\"\" class=\"wp-image-142\" srcset=\"https:\/\/rrb.be\/rrb\/wp-content\/uploads\/2025\/12\/Fete-nationale-2025-4-1-1024x769.jpg 1024w, https:\/\/rrb.be\/rrb\/wp-content\/uploads\/2025\/12\/Fete-nationale-2025-4-1-300x225.jpg 300w, https:\/\/rrb.be\/rrb\/wp-content\/uploads\/2025\/12\/Fete-nationale-2025-4-1-768x576.jpg 768w, https:\/\/rrb.be\/rrb\/wp-content\/uploads\/2025\/12\/Fete-nationale-2025-4-1-1536x1153.jpg 1536w, https:\/\/rrb.be\/rrb\/wp-content\/uploads\/2025\/12\/Fete-nationale-2025-4-1.jpg 1600w\" sizes=\"auto, (max-width: 1024px) 100vw, 1024px\" \/><\/figure>\n\n\n\n<figure class=\"wp-block-image size-large\"><img loading=\"lazy\" decoding=\"async\" width=\"1024\" height=\"769\" data-id=\"143\" src=\"https:\/\/rrb.be\/rrb\/wp-content\/uploads\/2025\/12\/Fete-nationale-2025-4-2-1024x769.jpg\" alt=\"\" class=\"wp-image-143\" srcset=\"https:\/\/rrb.be\/rrb\/wp-content\/uploads\/2025\/12\/Fete-nationale-2025-4-2-1024x769.jpg 1024w, https:\/\/rrb.be\/rrb\/wp-content\/uploads\/2025\/12\/Fete-nationale-2025-4-2-300x225.jpg 300w, https:\/\/rrb.be\/rrb\/wp-content\/uploads\/2025\/12\/Fete-nationale-2025-4-2-768x576.jpg 768w, https:\/\/rrb.be\/rrb\/wp-content\/uploads\/2025\/12\/Fete-nationale-2025-4-2-1536x1153.jpg 1536w, https:\/\/rrb.be\/rrb\/wp-content\/uploads\/2025\/12\/Fete-nationale-2025-4-2.jpg 1600w\" sizes=\"auto, (max-width: 1024px) 100vw, 1024px\" \/><\/figure>\n\n\n\n<figure class=\"wp-block-image size-large\"><img loading=\"lazy\" decoding=\"async\" width=\"1024\" height=\"769\" data-id=\"135\" src=\"https:\/\/rrb.be\/rrb\/wp-content\/uploads\/2025\/12\/Fete-nationale-2025-6-1024x769.jpg\" alt=\"\" class=\"wp-image-135\" srcset=\"https:\/\/rrb.be\/rrb\/wp-content\/uploads\/2025\/12\/Fete-nationale-2025-6-1024x769.jpg 1024w, https:\/\/rrb.be\/rrb\/wp-content\/uploads\/2025\/12\/Fete-nationale-2025-6-300x225.jpg 300w, https:\/\/rrb.be\/rrb\/wp-content\/uploads\/2025\/12\/Fete-nationale-2025-6-768x576.jpg 768w, https:\/\/rrb.be\/rrb\/wp-content\/uploads\/2025\/12\/Fete-nationale-2025-6-1536x1153.jpg 1536w, https:\/\/rrb.be\/rrb\/wp-content\/uploads\/2025\/12\/Fete-nationale-2025-6.jpg 1600w\" sizes=\"auto, (max-width: 1024px) 100vw, 1024px\" \/><\/figure>\n\n\n\n<figure class=\"wp-block-image size-large\"><img loading=\"lazy\" decoding=\"async\" width=\"1024\" height=\"769\" data-id=\"121\" src=\"https:\/\/rrb.be\/rrb\/wp-content\/uploads\/2025\/12\/Fete-nationale-2025-7-1024x769.jpg\" alt=\"\" class=\"wp-image-121\" srcset=\"https:\/\/rrb.be\/rrb\/wp-content\/uploads\/2025\/12\/Fete-nationale-2025-7-1024x769.jpg 1024w, https:\/\/rrb.be\/rrb\/wp-content\/uploads\/2025\/12\/Fete-nationale-2025-7-300x225.jpg 300w, https:\/\/rrb.be\/rrb\/wp-content\/uploads\/2025\/12\/Fete-nationale-2025-7-768x576.jpg 768w, https:\/\/rrb.be\/rrb\/wp-content\/uploads\/2025\/12\/Fete-nationale-2025-7-1536x1153.jpg 1536w, https:\/\/rrb.be\/rrb\/wp-content\/uploads\/2025\/12\/Fete-nationale-2025-7.jpg 1600w\" sizes=\"auto, (max-width: 1024px) 100vw, 1024px\" \/><\/figure>\n\n\n\n<figure class=\"wp-block-image size-large\"><img loading=\"lazy\" decoding=\"async\" width=\"1024\" height=\"769\" data-id=\"127\" src=\"https:\/\/rrb.be\/rrb\/wp-content\/uploads\/2025\/12\/Fete-nationale-2025-8-1024x769.jpg\" alt=\"\" class=\"wp-image-127\" srcset=\"https:\/\/rrb.be\/rrb\/wp-content\/uploads\/2025\/12\/Fete-nationale-2025-8-1024x769.jpg 1024w, https:\/\/rrb.be\/rrb\/wp-content\/uploads\/2025\/12\/Fete-nationale-2025-8-300x225.jpg 300w, https:\/\/rrb.be\/rrb\/wp-content\/uploads\/2025\/12\/Fete-nationale-2025-8-768x576.jpg 768w, https:\/\/rrb.be\/rrb\/wp-content\/uploads\/2025\/12\/Fete-nationale-2025-8-1536x1153.jpg 1536w, https:\/\/rrb.be\/rrb\/wp-content\/uploads\/2025\/12\/Fete-nationale-2025-8.jpg 1600w\" sizes=\"auto, (max-width: 1024px) 100vw, 1024px\" \/><\/figure>\n\n\n\n<figure class=\"wp-block-image size-large\"><img loading=\"lazy\" decoding=\"async\" width=\"1024\" height=\"769\" data-id=\"117\" src=\"https:\/\/rrb.be\/rrb\/wp-content\/uploads\/2025\/12\/Fete-nationale-2025-9-1024x769.jpg\" alt=\"\" class=\"wp-image-117\" srcset=\"https:\/\/rrb.be\/rrb\/wp-content\/uploads\/2025\/12\/Fete-nationale-2025-9-1024x769.jpg 1024w, https:\/\/rrb.be\/rrb\/wp-content\/uploads\/2025\/12\/Fete-nationale-2025-9-300x225.jpg 300w, https:\/\/rrb.be\/rrb\/wp-content\/uploads\/2025\/12\/Fete-nationale-2025-9-768x576.jpg 768w, https:\/\/rrb.be\/rrb\/wp-content\/uploads\/2025\/12\/Fete-nationale-2025-9-1536x1153.jpg 1536w, https:\/\/rrb.be\/rrb\/wp-content\/uploads\/2025\/12\/Fete-nationale-2025-9.jpg 1600w\" sizes=\"auto, (max-width: 1024px) 100vw, 1024px\" \/><\/figure>\n\n\n\n<figure class=\"wp-block-image size-large\"><img loading=\"lazy\" decoding=\"async\" width=\"1024\" height=\"769\" data-id=\"116\" src=\"https:\/\/rrb.be\/rrb\/wp-content\/uploads\/2025\/12\/Fete-nationale-2025-10-1024x769.jpg\" alt=\"\" class=\"wp-image-116\" srcset=\"https:\/\/rrb.be\/rrb\/wp-content\/uploads\/2025\/12\/Fete-nationale-2025-10-1024x769.jpg 1024w, https:\/\/rrb.be\/rrb\/wp-content\/uploads\/2025\/12\/Fete-nationale-2025-10-300x225.jpg 300w, https:\/\/rrb.be\/rrb\/wp-content\/uploads\/2025\/12\/Fete-nationale-2025-10-768x576.jpg 768w, https:\/\/rrb.be\/rrb\/wp-content\/uploads\/2025\/12\/Fete-nationale-2025-10-1536x1153.jpg 1536w, https:\/\/rrb.be\/rrb\/wp-content\/uploads\/2025\/12\/Fete-nationale-2025-10.jpg 1600w\" sizes=\"auto, (max-width: 1024px) 100vw, 1024px\" \/><\/figure>\n\n\n\n<figure class=\"wp-block-image size-large\"><img loading=\"lazy\" decoding=\"async\" width=\"1024\" height=\"769\" data-id=\"130\" src=\"https:\/\/rrb.be\/rrb\/wp-content\/uploads\/2025\/12\/Fete-nationale-2025-11-1024x769.jpg\" alt=\"\" class=\"wp-image-130\" srcset=\"https:\/\/rrb.be\/rrb\/wp-content\/uploads\/2025\/12\/Fete-nationale-2025-11-1024x769.jpg 1024w, https:\/\/rrb.be\/rrb\/wp-content\/uploads\/2025\/12\/Fete-nationale-2025-11-300x225.jpg 300w, https:\/\/rrb.be\/rrb\/wp-content\/uploads\/2025\/12\/Fete-nationale-2025-11-768x576.jpg 768w, https:\/\/rrb.be\/rrb\/wp-content\/uploads\/2025\/12\/Fete-nationale-2025-11-1536x1153.jpg 1536w, https:\/\/rrb.be\/rrb\/wp-content\/uploads\/2025\/12\/Fete-nationale-2025-11.jpg 1600w\" sizes=\"auto, (max-width: 1024px) 100vw, 1024px\" \/><\/figure>\n\n\n\n<figure class=\"wp-block-image size-large\"><img loading=\"lazy\" decoding=\"async\" width=\"1024\" height=\"769\" data-id=\"138\" src=\"https:\/\/rrb.be\/rrb\/wp-content\/uploads\/2025\/12\/Fete-nationale-2025-12-1024x769.jpg\" alt=\"\" class=\"wp-image-138\" srcset=\"https:\/\/rrb.be\/rrb\/wp-content\/uploads\/2025\/12\/Fete-nationale-2025-12-1024x769.jpg 1024w, https:\/\/rrb.be\/rrb\/wp-content\/uploads\/2025\/12\/Fete-nationale-2025-12-300x225.jpg 300w, https:\/\/rrb.be\/rrb\/wp-content\/uploads\/2025\/12\/Fete-nationale-2025-12-768x576.jpg 768w, https:\/\/rrb.be\/rrb\/wp-content\/uploads\/2025\/12\/Fete-nationale-2025-12-1536x1153.jpg 1536w, https:\/\/rrb.be\/rrb\/wp-content\/uploads\/2025\/12\/Fete-nationale-2025-12.jpg 1600w\" sizes=\"auto, (max-width: 1024px) 100vw, 1024px\" \/><\/figure>\n\n\n\n<figure class=\"wp-block-image size-large\"><img loading=\"lazy\" decoding=\"async\" width=\"1024\" height=\"769\" data-id=\"126\" src=\"https:\/\/rrb.be\/rrb\/wp-content\/uploads\/2025\/12\/Fete-nationale-2025-13-1024x769.jpg\" alt=\"\" class=\"wp-image-126\" srcset=\"https:\/\/rrb.be\/rrb\/wp-content\/uploads\/2025\/12\/Fete-nationale-2025-13-1024x769.jpg 1024w, https:\/\/rrb.be\/rrb\/wp-content\/uploads\/2025\/12\/Fete-nationale-2025-13-300x225.jpg 300w, https:\/\/rrb.be\/rrb\/wp-content\/uploads\/2025\/12\/Fete-nationale-2025-13-768x576.jpg 768w, https:\/\/rrb.be\/rrb\/wp-content\/uploads\/2025\/12\/Fete-nationale-2025-13-1536x1153.jpg 1536w, https:\/\/rrb.be\/rrb\/wp-content\/uploads\/2025\/12\/Fete-nationale-2025-13.jpg 1600w\" sizes=\"auto, (max-width: 1024px) 100vw, 1024px\" \/><\/figure>\n\n\n\n<figure class=\"wp-block-image size-large\"><img loading=\"lazy\" decoding=\"async\" width=\"1024\" height=\"769\" data-id=\"133\" src=\"https:\/\/rrb.be\/rrb\/wp-content\/uploads\/2025\/12\/Fete-nationale-2025-14-1024x769.jpg\" alt=\"\" class=\"wp-image-133\" srcset=\"https:\/\/rrb.be\/rrb\/wp-content\/uploads\/2025\/12\/Fete-nationale-2025-14-1024x769.jpg 1024w, https:\/\/rrb.be\/rrb\/wp-content\/uploads\/2025\/12\/Fete-nationale-2025-14-300x225.jpg 300w, https:\/\/rrb.be\/rrb\/wp-content\/uploads\/2025\/12\/Fete-nationale-2025-14-768x576.jpg 768w, https:\/\/rrb.be\/rrb\/wp-content\/uploads\/2025\/12\/Fete-nationale-2025-14-1536x1153.jpg 1536w, https:\/\/rrb.be\/rrb\/wp-content\/uploads\/2025\/12\/Fete-nationale-2025-14.jpg 1600w\" sizes=\"auto, (max-width: 1024px) 100vw, 1024px\" \/><\/figure>\n\n\n\n<figure class=\"wp-block-image size-large\"><img loading=\"lazy\" decoding=\"async\" width=\"1024\" height=\"769\" data-id=\"131\" src=\"https:\/\/rrb.be\/rrb\/wp-content\/uploads\/2025\/12\/Fete-nationale-2025-15-1024x769.jpg\" alt=\"\" class=\"wp-image-131\" srcset=\"https:\/\/rrb.be\/rrb\/wp-content\/uploads\/2025\/12\/Fete-nationale-2025-15-1024x769.jpg 1024w, https:\/\/rrb.be\/rrb\/wp-content\/uploads\/2025\/12\/Fete-nationale-2025-15-300x225.jpg 300w, https:\/\/rrb.be\/rrb\/wp-content\/uploads\/2025\/12\/Fete-nationale-2025-15-768x576.jpg 768w, https:\/\/rrb.be\/rrb\/wp-content\/uploads\/2025\/12\/Fete-nationale-2025-15-1536x1153.jpg 1536w, https:\/\/rrb.be\/rrb\/wp-content\/uploads\/2025\/12\/Fete-nationale-2025-15.jpg 1600w\" sizes=\"auto, (max-width: 1024px) 100vw, 1024px\" \/><\/figure>\n\n\n\n<figure class=\"wp-block-image size-large\"><img loading=\"lazy\" decoding=\"async\" width=\"1024\" height=\"769\" data-id=\"113\" src=\"https:\/\/rrb.be\/rrb\/wp-content\/uploads\/2025\/12\/Fete-nationale-2025-16-1024x769.jpg\" alt=\"\" class=\"wp-image-113\" srcset=\"https:\/\/rrb.be\/rrb\/wp-content\/uploads\/2025\/12\/Fete-nationale-2025-16-1024x769.jpg 1024w, https:\/\/rrb.be\/rrb\/wp-content\/uploads\/2025\/12\/Fete-nationale-2025-16-300x225.jpg 300w, https:\/\/rrb.be\/rrb\/wp-content\/uploads\/2025\/12\/Fete-nationale-2025-16-768x576.jpg 768w, https:\/\/rrb.be\/rrb\/wp-content\/uploads\/2025\/12\/Fete-nationale-2025-16-1536x1153.jpg 1536w, https:\/\/rrb.be\/rrb\/wp-content\/uploads\/2025\/12\/Fete-nationale-2025-16.jpg 1600w\" sizes=\"auto, (max-width: 1024px) 100vw, 1024px\" \/><\/figure>\n\n\n\n<figure class=\"wp-block-image size-large\"><img loading=\"lazy\" decoding=\"async\" width=\"1024\" height=\"769\" data-id=\"144\" src=\"https:\/\/rrb.be\/rrb\/wp-content\/uploads\/2025\/12\/Fete-nationale-2025-17-1-1024x769.jpg\" alt=\"\" class=\"wp-image-144\" srcset=\"https:\/\/rrb.be\/rrb\/wp-content\/uploads\/2025\/12\/Fete-nationale-2025-17-1-1024x769.jpg 1024w, https:\/\/rrb.be\/rrb\/wp-content\/uploads\/2025\/12\/Fete-nationale-2025-17-1-300x225.jpg 300w, https:\/\/rrb.be\/rrb\/wp-content\/uploads\/2025\/12\/Fete-nationale-2025-17-1-768x576.jpg 768w, https:\/\/rrb.be\/rrb\/wp-content\/uploads\/2025\/12\/Fete-nationale-2025-17-1-1536x1153.jpg 1536w, https:\/\/rrb.be\/rrb\/wp-content\/uploads\/2025\/12\/Fete-nationale-2025-17-1.jpg 1600w\" sizes=\"auto, (max-width: 1024px) 100vw, 1024px\" \/><\/figure>\n\n\n\n<figure class=\"wp-block-image size-large\"><img loading=\"lazy\" decoding=\"async\" width=\"1024\" height=\"769\" data-id=\"109\" src=\"https:\/\/rrb.be\/rrb\/wp-content\/uploads\/2025\/12\/Fete-nationale-2025-18-1024x769.jpg\" alt=\"\" class=\"wp-image-109\" srcset=\"https:\/\/rrb.be\/rrb\/wp-content\/uploads\/2025\/12\/Fete-nationale-2025-18-1024x769.jpg 1024w, https:\/\/rrb.be\/rrb\/wp-content\/uploads\/2025\/12\/Fete-nationale-2025-18-300x225.jpg 300w, https:\/\/rrb.be\/rrb\/wp-content\/uploads\/2025\/12\/Fete-nationale-2025-18-768x576.jpg 768w, https:\/\/rrb.be\/rrb\/wp-content\/uploads\/2025\/12\/Fete-nationale-2025-18-1536x1153.jpg 1536w, https:\/\/rrb.be\/rrb\/wp-content\/uploads\/2025\/12\/Fete-nationale-2025-18.jpg 1600w\" sizes=\"auto, (max-width: 1024px) 100vw, 1024px\" \/><\/figure>\n\n\n\n<figure class=\"wp-block-image size-large\"><img loading=\"lazy\" decoding=\"async\" width=\"1024\" height=\"769\" data-id=\"123\" src=\"https:\/\/rrb.be\/rrb\/wp-content\/uploads\/2025\/12\/Fete-nationale-2025-19-1024x769.jpg\" alt=\"\" class=\"wp-image-123\" srcset=\"https:\/\/rrb.be\/rrb\/wp-content\/uploads\/2025\/12\/Fete-nationale-2025-19-1024x769.jpg 1024w, https:\/\/rrb.be\/rrb\/wp-content\/uploads\/2025\/12\/Fete-nationale-2025-19-300x225.jpg 300w, https:\/\/rrb.be\/rrb\/wp-content\/uploads\/2025\/12\/Fete-nationale-2025-19-768x576.jpg 768w, https:\/\/rrb.be\/rrb\/wp-content\/uploads\/2025\/12\/Fete-nationale-2025-19-1536x1153.jpg 1536w, https:\/\/rrb.be\/rrb\/wp-content\/uploads\/2025\/12\/Fete-nationale-2025-19.jpg 1600w\" sizes=\"auto, (max-width: 1024px) 100vw, 1024px\" \/><\/figure>\n\n\n\n<figure class=\"wp-block-image size-large\"><img loading=\"lazy\" decoding=\"async\" width=\"1024\" height=\"769\" data-id=\"128\" src=\"https:\/\/rrb.be\/rrb\/wp-content\/uploads\/2025\/12\/Fete-nationale-2025-20-1024x769.jpg\" alt=\"\" class=\"wp-image-128\" srcset=\"https:\/\/rrb.be\/rrb\/wp-content\/uploads\/2025\/12\/Fete-nationale-2025-20-1024x769.jpg 1024w, https:\/\/rrb.be\/rrb\/wp-content\/uploads\/2025\/12\/Fete-nationale-2025-20-300x225.jpg 300w, https:\/\/rrb.be\/rrb\/wp-content\/uploads\/2025\/12\/Fete-nationale-2025-20-768x576.jpg 768w, https:\/\/rrb.be\/rrb\/wp-content\/uploads\/2025\/12\/Fete-nationale-2025-20-1536x1153.jpg 1536w, https:\/\/rrb.be\/rrb\/wp-content\/uploads\/2025\/12\/Fete-nationale-2025-20.jpg 1600w\" sizes=\"auto, (max-width: 1024px) 100vw, 1024px\" \/><\/figure>\n\n\n\n<figure class=\"wp-block-image size-large\"><img loading=\"lazy\" decoding=\"async\" width=\"1024\" height=\"769\" data-id=\"145\" src=\"https:\/\/rrb.be\/rrb\/wp-content\/uploads\/2025\/12\/Fete-nationale-2025-21-1-1024x769.jpg\" alt=\"\" class=\"wp-image-145\" srcset=\"https:\/\/rrb.be\/rrb\/wp-content\/uploads\/2025\/12\/Fete-nationale-2025-21-1-1024x769.jpg 1024w, https:\/\/rrb.be\/rrb\/wp-content\/uploads\/2025\/12\/Fete-nationale-2025-21-1-300x225.jpg 300w, https:\/\/rrb.be\/rrb\/wp-content\/uploads\/2025\/12\/Fete-nationale-2025-21-1-768x576.jpg 768w, https:\/\/rrb.be\/rrb\/wp-content\/uploads\/2025\/12\/Fete-nationale-2025-21-1-1536x1153.jpg 1536w, https:\/\/rrb.be\/rrb\/wp-content\/uploads\/2025\/12\/Fete-nationale-2025-21-1.jpg 1600w\" sizes=\"auto, (max-width: 1024px) 100vw, 1024px\" \/><\/figure>\n\n\n\n<figure class=\"wp-block-image size-large\"><img loading=\"lazy\" decoding=\"async\" width=\"1024\" height=\"769\" data-id=\"137\" src=\"https:\/\/rrb.be\/rrb\/wp-content\/uploads\/2025\/12\/Fete-nationale-2025-22-1024x769.jpg\" alt=\"\" class=\"wp-image-137\" srcset=\"https:\/\/rrb.be\/rrb\/wp-content\/uploads\/2025\/12\/Fete-nationale-2025-22-1024x769.jpg 1024w, https:\/\/rrb.be\/rrb\/wp-content\/uploads\/2025\/12\/Fete-nationale-2025-22-300x225.jpg 300w, https:\/\/rrb.be\/rrb\/wp-content\/uploads\/2025\/12\/Fete-nationale-2025-22-768x576.jpg 768w, https:\/\/rrb.be\/rrb\/wp-content\/uploads\/2025\/12\/Fete-nationale-2025-22-1536x1153.jpg 1536w, https:\/\/rrb.be\/rrb\/wp-content\/uploads\/2025\/12\/Fete-nationale-2025-22.jpg 1600w\" sizes=\"auto, (max-width: 1024px) 100vw, 1024px\" \/><\/figure>\n\n\n\n<figure class=\"wp-block-image size-large\"><img loading=\"lazy\" decoding=\"async\" width=\"1024\" height=\"769\" data-id=\"146\" src=\"https:\/\/rrb.be\/rrb\/wp-content\/uploads\/2025\/12\/Fete-nationale-2025-23-1-1024x769.jpg\" alt=\"\" class=\"wp-image-146\" srcset=\"https:\/\/rrb.be\/rrb\/wp-content\/uploads\/2025\/12\/Fete-nationale-2025-23-1-1024x769.jpg 1024w, https:\/\/rrb.be\/rrb\/wp-content\/uploads\/2025\/12\/Fete-nationale-2025-23-1-300x225.jpg 300w, https:\/\/rrb.be\/rrb\/wp-content\/uploads\/2025\/12\/Fete-nationale-2025-23-1-768x576.jpg 768w, https:\/\/rrb.be\/rrb\/wp-content\/uploads\/2025\/12\/Fete-nationale-2025-23-1-1536x1153.jpg 1536w, https:\/\/rrb.be\/rrb\/wp-content\/uploads\/2025\/12\/Fete-nationale-2025-23-1.jpg 1600w\" sizes=\"auto, (max-width: 1024px) 100vw, 1024px\" \/><\/figure>\n\n\n\n<figure class=\"wp-block-image size-large\"><img loading=\"lazy\" decoding=\"async\" width=\"1024\" height=\"769\" data-id=\"132\" src=\"https:\/\/rrb.be\/rrb\/wp-content\/uploads\/2025\/12\/Fete-nationale-2025-24-1024x769.jpg\" alt=\"\" class=\"wp-image-132\" srcset=\"https:\/\/rrb.be\/rrb\/wp-content\/uploads\/2025\/12\/Fete-nationale-2025-24-1024x769.jpg 1024w, https:\/\/rrb.be\/rrb\/wp-content\/uploads\/2025\/12\/Fete-nationale-2025-24-300x225.jpg 300w, https:\/\/rrb.be\/rrb\/wp-content\/uploads\/2025\/12\/Fete-nationale-2025-24-768x576.jpg 768w, https:\/\/rrb.be\/rrb\/wp-content\/uploads\/2025\/12\/Fete-nationale-2025-24-1536x1153.jpg 1536w, https:\/\/rrb.be\/rrb\/wp-content\/uploads\/2025\/12\/Fete-nationale-2025-24.jpg 1600w\" sizes=\"auto, (max-width: 1024px) 100vw, 1024px\" \/><\/figure>\n\n\n\n<figure class=\"wp-block-image size-large\"><img loading=\"lazy\" decoding=\"async\" width=\"1024\" height=\"769\" data-id=\"115\" src=\"https:\/\/rrb.be\/rrb\/wp-content\/uploads\/2025\/12\/Fete-nationale-2025-25-1024x769.jpg\" alt=\"\" class=\"wp-image-115\" srcset=\"https:\/\/rrb.be\/rrb\/wp-content\/uploads\/2025\/12\/Fete-nationale-2025-25-1024x769.jpg 1024w, https:\/\/rrb.be\/rrb\/wp-content\/uploads\/2025\/12\/Fete-nationale-2025-25-300x225.jpg 300w, https:\/\/rrb.be\/rrb\/wp-content\/uploads\/2025\/12\/Fete-nationale-2025-25-768x576.jpg 768w, https:\/\/rrb.be\/rrb\/wp-content\/uploads\/2025\/12\/Fete-nationale-2025-25-1536x1153.jpg 1536w, https:\/\/rrb.be\/rrb\/wp-content\/uploads\/2025\/12\/Fete-nationale-2025-25.jpg 1600w\" sizes=\"auto, (max-width: 1024px) 100vw, 1024px\" \/><\/figure>\n\n\n\n<figure class=\"wp-block-image size-large\"><img loading=\"lazy\" decoding=\"async\" width=\"1024\" height=\"769\" data-id=\"120\" src=\"https:\/\/rrb.be\/rrb\/wp-content\/uploads\/2025\/12\/Fete-nationale-2025-26-1024x769.jpg\" alt=\"\" class=\"wp-image-120\" srcset=\"https:\/\/rrb.be\/rrb\/wp-content\/uploads\/2025\/12\/Fete-nationale-2025-26-1024x769.jpg 1024w, https:\/\/rrb.be\/rrb\/wp-content\/uploads\/2025\/12\/Fete-nationale-2025-26-300x225.jpg 300w, https:\/\/rrb.be\/rrb\/wp-content\/uploads\/2025\/12\/Fete-nationale-2025-26-768x576.jpg 768w, https:\/\/rrb.be\/rrb\/wp-content\/uploads\/2025\/12\/Fete-nationale-2025-26-1536x1153.jpg 1536w, https:\/\/rrb.be\/rrb\/wp-content\/uploads\/2025\/12\/Fete-nationale-2025-26.jpg 1600w\" sizes=\"auto, (max-width: 1024px) 100vw, 1024px\" \/><\/figure>\n\n\n\n<figure class=\"wp-block-image size-large\"><img loading=\"lazy\" decoding=\"async\" width=\"769\" height=\"1024\" data-id=\"147\" src=\"https:\/\/rrb.be\/rrb\/wp-content\/uploads\/2025\/12\/Fete-nationale-2025-27-1-769x1024.jpg\" alt=\"\" class=\"wp-image-147\" srcset=\"https:\/\/rrb.be\/rrb\/wp-content\/uploads\/2025\/12\/Fete-nationale-2025-27-1-769x1024.jpg 769w, https:\/\/rrb.be\/rrb\/wp-content\/uploads\/2025\/12\/Fete-nationale-2025-27-1-225x300.jpg 225w, https:\/\/rrb.be\/rrb\/wp-content\/uploads\/2025\/12\/Fete-nationale-2025-27-1-768x1023.jpg 768w, https:\/\/rrb.be\/rrb\/wp-content\/uploads\/2025\/12\/Fete-nationale-2025-27-1-1153x1536.jpg 1153w, https:\/\/rrb.be\/rrb\/wp-content\/uploads\/2025\/12\/Fete-nationale-2025-27-1-1538x2048.jpg 1538w, https:\/\/rrb.be\/rrb\/wp-content\/uploads\/2025\/12\/Fete-nationale-2025-27-1.jpg 1600w\" sizes=\"auto, (max-width: 769px) 100vw, 769px\" \/><\/figure>\n\n\n\n<figure class=\"wp-block-image size-large\"><img loading=\"lazy\" decoding=\"async\" width=\"1024\" height=\"769\" data-id=\"114\" src=\"https:\/\/rrb.be\/rrb\/wp-content\/uploads\/2025\/12\/Fete-nationale-2025-28-1024x769.jpg\" alt=\"\" class=\"wp-image-114\" srcset=\"https:\/\/rrb.be\/rrb\/wp-content\/uploads\/2025\/12\/Fete-nationale-2025-28-1024x769.jpg 1024w, https:\/\/rrb.be\/rrb\/wp-content\/uploads\/2025\/12\/Fete-nationale-2025-28-300x225.jpg 300w, https:\/\/rrb.be\/rrb\/wp-content\/uploads\/2025\/12\/Fete-nationale-2025-28-768x576.jpg 768w, https:\/\/rrb.be\/rrb\/wp-content\/uploads\/2025\/12\/Fete-nationale-2025-28-1536x1153.jpg 1536w, https:\/\/rrb.be\/rrb\/wp-content\/uploads\/2025\/12\/Fete-nationale-2025-28.jpg 1600w\" sizes=\"auto, (max-width: 1024px) 100vw, 1024px\" \/><\/figure>\n\n\n\n<figure class=\"wp-block-image size-large\"><img loading=\"lazy\" decoding=\"async\" width=\"1024\" height=\"769\" data-id=\"112\" src=\"https:\/\/rrb.be\/rrb\/wp-content\/uploads\/2025\/12\/Fete-nationale-2025-29-1024x769.jpg\" alt=\"\" class=\"wp-image-112\" srcset=\"https:\/\/rrb.be\/rrb\/wp-content\/uploads\/2025\/12\/Fete-nationale-2025-29-1024x769.jpg 1024w, https:\/\/rrb.be\/rrb\/wp-content\/uploads\/2025\/12\/Fete-nationale-2025-29-300x225.jpg 300w, https:\/\/rrb.be\/rrb\/wp-content\/uploads\/2025\/12\/Fete-nationale-2025-29-768x576.jpg 768w, https:\/\/rrb.be\/rrb\/wp-content\/uploads\/2025\/12\/Fete-nationale-2025-29-1536x1153.jpg 1536w, https:\/\/rrb.be\/rrb\/wp-content\/uploads\/2025\/12\/Fete-nationale-2025-29.jpg 1600w\" sizes=\"auto, (max-width: 1024px) 100vw, 1024px\" \/><\/figure>\n\n\n\n<figure class=\"wp-block-image size-large\"><img loading=\"lazy\" decoding=\"async\" width=\"1024\" height=\"769\" data-id=\"111\" src=\"https:\/\/rrb.be\/rrb\/wp-content\/uploads\/2025\/12\/Fete-nationale-2025-30-1024x769.jpg\" alt=\"\" class=\"wp-image-111\" srcset=\"https:\/\/rrb.be\/rrb\/wp-content\/uploads\/2025\/12\/Fete-nationale-2025-30-1024x769.jpg 1024w, https:\/\/rrb.be\/rrb\/wp-content\/uploads\/2025\/12\/Fete-nationale-2025-30-300x225.jpg 300w, https:\/\/rrb.be\/rrb\/wp-content\/uploads\/2025\/12\/Fete-nationale-2025-30-768x576.jpg 768w, https:\/\/rrb.be\/rrb\/wp-content\/uploads\/2025\/12\/Fete-nationale-2025-30-1536x1153.jpg 1536w, https:\/\/rrb.be\/rrb\/wp-content\/uploads\/2025\/12\/Fete-nationale-2025-30.jpg 1600w\" sizes=\"auto, (max-width: 1024px) 100vw, 1024px\" \/><\/figure>\n\n\n\n<figure class=\"wp-block-image size-large\"><img loading=\"lazy\" decoding=\"async\" width=\"1024\" height=\"769\" data-id=\"148\" src=\"https:\/\/rrb.be\/rrb\/wp-content\/uploads\/2025\/12\/Fete-nationale-2025-31-1-1024x769.jpg\" alt=\"\" class=\"wp-image-148\" srcset=\"https:\/\/rrb.be\/rrb\/wp-content\/uploads\/2025\/12\/Fete-nationale-2025-31-1-1024x769.jpg 1024w, https:\/\/rrb.be\/rrb\/wp-content\/uploads\/2025\/12\/Fete-nationale-2025-31-1-300x225.jpg 300w, https:\/\/rrb.be\/rrb\/wp-content\/uploads\/2025\/12\/Fete-nationale-2025-31-1-768x576.jpg 768w, https:\/\/rrb.be\/rrb\/wp-content\/uploads\/2025\/12\/Fete-nationale-2025-31-1-1536x1153.jpg 1536w, https:\/\/rrb.be\/rrb\/wp-content\/uploads\/2025\/12\/Fete-nationale-2025-31-1.jpg 1600w\" sizes=\"auto, (max-width: 1024px) 100vw, 1024px\" \/><\/figure>\n\n\n\n<figure class=\"wp-block-image size-large\"><img loading=\"lazy\" decoding=\"async\" width=\"1024\" height=\"769\" data-id=\"149\" src=\"https:\/\/rrb.be\/rrb\/wp-content\/uploads\/2025\/12\/Fete-nationale-2025-32-1-1024x769.jpg\" alt=\"\" class=\"wp-image-149\" srcset=\"https:\/\/rrb.be\/rrb\/wp-content\/uploads\/2025\/12\/Fete-nationale-2025-32-1-1024x769.jpg 1024w, https:\/\/rrb.be\/rrb\/wp-content\/uploads\/2025\/12\/Fete-nationale-2025-32-1-300x225.jpg 300w, https:\/\/rrb.be\/rrb\/wp-content\/uploads\/2025\/12\/Fete-nationale-2025-32-1-768x576.jpg 768w, https:\/\/rrb.be\/rrb\/wp-content\/uploads\/2025\/12\/Fete-nationale-2025-32-1-1536x1153.jpg 1536w, https:\/\/rrb.be\/rrb\/wp-content\/uploads\/2025\/12\/Fete-nationale-2025-32-1.jpg 1600w\" sizes=\"auto, (max-width: 1024px) 100vw, 1024px\" \/><\/figure>\n\n\n\n<figure class=\"wp-block-image size-large\"><img loading=\"lazy\" decoding=\"async\" width=\"1024\" height=\"769\" data-id=\"150\" src=\"https:\/\/rrb.be\/rrb\/wp-content\/uploads\/2025\/12\/Fete-nationale-2025-33-1-1024x769.jpg\" alt=\"\" class=\"wp-image-150\" srcset=\"https:\/\/rrb.be\/rrb\/wp-content\/uploads\/2025\/12\/Fete-nationale-2025-33-1-1024x769.jpg 1024w, https:\/\/rrb.be\/rrb\/wp-content\/uploads\/2025\/12\/Fete-nationale-2025-33-1-300x225.jpg 300w, https:\/\/rrb.be\/rrb\/wp-content\/uploads\/2025\/12\/Fete-nationale-2025-33-1-768x576.jpg 768w, https:\/\/rrb.be\/rrb\/wp-content\/uploads\/2025\/12\/Fete-nationale-2025-33-1-1536x1153.jpg 1536w, https:\/\/rrb.be\/rrb\/wp-content\/uploads\/2025\/12\/Fete-nationale-2025-33-1.jpg 1600w\" sizes=\"auto, (max-width: 1024px) 100vw, 1024px\" \/><\/figure>\n\n\n\n<figure class=\"wp-block-image size-large\"><img loading=\"lazy\" decoding=\"async\" width=\"1024\" height=\"769\" data-id=\"136\" src=\"https:\/\/rrb.be\/rrb\/wp-content\/uploads\/2025\/12\/Fete-nationale-2025-34-1024x769.jpg\" alt=\"\" class=\"wp-image-136\" srcset=\"https:\/\/rrb.be\/rrb\/wp-content\/uploads\/2025\/12\/Fete-nationale-2025-34-1024x769.jpg 1024w, https:\/\/rrb.be\/rrb\/wp-content\/uploads\/2025\/12\/Fete-nationale-2025-34-300x225.jpg 300w, https:\/\/rrb.be\/rrb\/wp-content\/uploads\/2025\/12\/Fete-nationale-2025-34-768x576.jpg 768w, https:\/\/rrb.be\/rrb\/wp-content\/uploads\/2025\/12\/Fete-nationale-2025-34-1536x1153.jpg 1536w, https:\/\/rrb.be\/rrb\/wp-content\/uploads\/2025\/12\/Fete-nationale-2025-34.jpg 1600w\" sizes=\"auto, (max-width: 1024px) 100vw, 1024px\" \/><\/figure>\n\n\n\n<figure class=\"wp-block-image size-large\"><img loading=\"lazy\" decoding=\"async\" width=\"1024\" height=\"769\" data-id=\"118\" src=\"https:\/\/rrb.be\/rrb\/wp-content\/uploads\/2025\/12\/Fete-nationale-2025-35-1024x769.jpg\" alt=\"\" class=\"wp-image-118\" srcset=\"https:\/\/rrb.be\/rrb\/wp-content\/uploads\/2025\/12\/Fete-nationale-2025-35-1024x769.jpg 1024w, https:\/\/rrb.be\/rrb\/wp-content\/uploads\/2025\/12\/Fete-nationale-2025-35-300x225.jpg 300w, https:\/\/rrb.be\/rrb\/wp-content\/uploads\/2025\/12\/Fete-nationale-2025-35-768x576.jpg 768w, https:\/\/rrb.be\/rrb\/wp-content\/uploads\/2025\/12\/Fete-nationale-2025-35-1536x1153.jpg 1536w, https:\/\/rrb.be\/rrb\/wp-content\/uploads\/2025\/12\/Fete-nationale-2025-35.jpg 1600w\" sizes=\"auto, (max-width: 1024px) 100vw, 1024px\" \/><\/figure>\n\n\n\n<figure class=\"wp-block-image size-large\"><img loading=\"lazy\" decoding=\"async\" width=\"1024\" height=\"769\" data-id=\"134\" src=\"https:\/\/rrb.be\/rrb\/wp-content\/uploads\/2025\/12\/Fete-nationale-2025-36-1024x769.jpg\" alt=\"\" class=\"wp-image-134\" srcset=\"https:\/\/rrb.be\/rrb\/wp-content\/uploads\/2025\/12\/Fete-nationale-2025-36-1024x769.jpg 1024w, https:\/\/rrb.be\/rrb\/wp-content\/uploads\/2025\/12\/Fete-nationale-2025-36-300x225.jpg 300w, https:\/\/rrb.be\/rrb\/wp-content\/uploads\/2025\/12\/Fete-nationale-2025-36-768x576.jpg 768w, https:\/\/rrb.be\/rrb\/wp-content\/uploads\/2025\/12\/Fete-nationale-2025-36-1536x1153.jpg 1536w, https:\/\/rrb.be\/rrb\/wp-content\/uploads\/2025\/12\/Fete-nationale-2025-36.jpg 1600w\" sizes=\"auto, (max-width: 1024px) 100vw, 1024px\" \/><\/figure>\n<\/figure>\n\n\n\n<p>.<\/p>\n\n\n\n<figure class=\"wp-block-image size-large\"><img loading=\"lazy\" decoding=\"async\" width=\"1024\" height=\"768\" src=\"https:\/\/rrb.be\/rrb\/wp-content\/uploads\/2025\/12\/Fete-nationale-2025-37-1024x768.jpg\" alt=\"\" class=\"wp-image-151\" srcset=\"https:\/\/rrb.be\/rrb\/wp-content\/uploads\/2025\/12\/Fete-nationale-2025-37-1024x768.jpg 1024w, https:\/\/rrb.be\/rrb\/wp-content\/uploads\/2025\/12\/Fete-nationale-2025-37-300x225.jpg 300w, https:\/\/rrb.be\/rrb\/wp-content\/uploads\/2025\/12\/Fete-nationale-2025-37-768x576.jpg 768w, https:\/\/rrb.be\/rrb\/wp-content\/uploads\/2025\/12\/Fete-nationale-2025-37-1536x1152.jpg 1536w, https:\/\/rrb.be\/rrb\/wp-content\/uploads\/2025\/12\/Fete-nationale-2025-37.jpg 1600w\" sizes=\"auto, (max-width: 1024px) 100vw, 1024px\" \/><\/figure>\n\n\n\n<p>Par Alain Schenkels<\/p>\n\n\n\n<figure class=\"wp-block-image size-large\"><img loading=\"lazy\" decoding=\"async\" width=\"769\" height=\"1024\" src=\"https:\/\/rrb.be\/rrb\/wp-content\/uploads\/2025\/12\/Fete-nationale-2025-769x1024.jpg\" alt=\"\" class=\"wp-image-152\" srcset=\"https:\/\/rrb.be\/rrb\/wp-content\/uploads\/2025\/12\/Fete-nationale-2025-769x1024.jpg 769w, https:\/\/rrb.be\/rrb\/wp-content\/uploads\/2025\/12\/Fete-nationale-2025-225x300.jpg 225w, https:\/\/rrb.be\/rrb\/wp-content\/uploads\/2025\/12\/Fete-nationale-2025-768x1023.jpg 768w, https:\/\/rrb.be\/rrb\/wp-content\/uploads\/2025\/12\/Fete-nationale-2025-1153x1536.jpg 1153w, https:\/\/rrb.be\/rrb\/wp-content\/uploads\/2025\/12\/Fete-nationale-2025-1538x2048.jpg 1538w, https:\/\/rrb.be\/rrb\/wp-content\/uploads\/2025\/12\/Fete-nationale-2025.jpg 1600w\" sizes=\"auto, (max-width: 769px) 100vw, 769px\" \/><\/figure>\n\n\n\n<p><\/p>\n","protected":false},"excerpt":{"rendered":"<p>Vid\u00e9o de pr\u00e9sentation : Votre navigateur ne supporte pas la vid\u00e9o HTML5. Reportage photos : . Par Alain Schenkels<\/p>\n","protected":false},"author":1,"featured_media":61,"comment_status":"closed","ping_status":"closed","sticky":false,"template":"","format":"standard","meta":{"footnotes":""},"categories":[16,4],"tags":[],"class_list":["post-10","post","type-post","status-publish","format-standard","has-post-thumbnail","hentry","category-armee-belge","category-belgique"],"_links":{"self":[{"href":"https:\/\/rrb.be\/rrb\/wp-json\/wp\/v2\/posts\/10","targetHints":{"allow":["GET"]}}],"collection":[{"href":"https:\/\/rrb.be\/rrb\/wp-json\/wp\/v2\/posts"}],"about":[{"href":"https:\/\/rrb.be\/rrb\/wp-json\/wp\/v2\/types\/post"}],"author":[{"embeddable":true,"href":"https:\/\/rrb.be\/rrb\/wp-json\/wp\/v2\/users\/1"}],"replies":[{"embeddable":true,"href":"https:\/\/rrb.be\/rrb\/wp-json\/wp\/v2\/comments?post=10"}],"version-history":[{"count":5,"href":"https:\/\/rrb.be\/rrb\/wp-json\/wp\/v2\/posts\/10\/revisions"}],"predecessor-version":[{"id":153,"href":"https:\/\/rrb.be\/rrb\/wp-json\/wp\/v2\/posts\/10\/revisions\/153"}],"wp:featuredmedia":[{"embeddable":true,"href":"https:\/\/rrb.be\/rrb\/wp-json\/wp\/v2\/media\/61"}],"wp:attachment":[{"href":"https:\/\/rrb.be\/rrb\/wp-json\/wp\/v2\/media?parent=10"}],"wp:term":[{"taxonomy":"category","embeddable":true,"href":"https:\/\/rrb.be\/rrb\/wp-json\/wp\/v2\/categories?post=10"},{"taxonomy":"post_tag","embeddable":true,"href":"https:\/\/rrb.be\/rrb\/wp-json\/wp\/v2\/tags?post=10"}],"curies":[{"name":"wp","href":"https:\/\/api.w.org\/{rel}","templated":true}]}}